{"id":88,"date":"2015-12-11T09:20:25","date_gmt":"2015-12-11T08:20:25","guid":{"rendered":"http:\/\/alain-houpert.fr\/site\/?p=88"},"modified":"2016-03-07T16:27:07","modified_gmt":"2016-03-07T15:27:07","slug":"question-a-propos-des-dangers-de-la-cigarette-electronique-2","status":"publish","type":"post","link":"https:\/\/alain-houpert.fr\/site\/index.php\/2015\/12\/11\/question-a-propos-des-dangers-de-la-cigarette-electronique-2\/","title":{"rendered":"Question \u00e0 propos des num\u00e9ros surtax\u00e9s"},"content":{"rendered":"<div class=\"text_exposed_show\">\n<table style=\"border-color: #000000;\">\n<tbody>\n<tr>\n<td>\n<p style=\"text-align: justify;\"><img loading=\"lazy\" class=\"alignleft wp-image-45 \" src=\"http:\/\/alain-houpert.fr\/site\/wp-content\/uploads\/2016\/03\/logo_questions-300x300.jpg\" alt=\"\" width=\"150\" height=\"150\" \/><strong>Question n\u00b0 19362 adress\u00e9e \u00e0 Mme la secr\u00e9taire d&rsquo;\u00c9tat, aupr\u00e8s du ministre de l&rsquo;\u00e9conomie, de l&rsquo;industrie et du num\u00e9rique, charg\u00e9e du commerce, de l&rsquo;artisanat, de la consommation et de l&rsquo;\u00e9conomie sociale et solidaire<\/strong><\/p>\n<div class=\"text_exposed_show\">\n<p><strong>\u00c0 publier le&#160;: 17\/12\/2015<\/strong><\/p>\n<p>Texte de la question&#160;:<\/p>\n<\/div>\n<\/td>\n<\/tr>\n<\/tbody>\n<\/table>\n<p style=\"text-align: justify;\"><span style=\"text-decoration: underline;\"><!--more--><\/span><\/p>\n<table style=\"border-color: #000000;\">\n<tbody>\n<tr>\n<td>\n<p style=\"text-align: justify;\"><span class=\"text_exposed_show\">M. Alain Houpert attire l&rsquo;attention de Mme la secr\u00e9taire d&rsquo;\u00c9tat, aupr\u00e8s du ministre de l&rsquo;\u00e9conomie, de l&rsquo;industrie et du num\u00e9rique, charg\u00e9e du commerce, de l&rsquo;artisanat, de la consommation et de l&rsquo;\u00e9conomie sociale et solidaire sur le prix des appels surtax\u00e9s de certains services publics. De nombreux professionnels ont profit\u00e9 de la r\u00e9cente r\u00e9forme des num\u00e9ros surtax\u00e9s pour augmenter le prix de leurs appels. Entr\u00e9e en vigueur le 1er octobre 2015, la r\u00e9forme des num\u00e9ros surtax\u00e9s devait rendre la tarification de ces appels \u00ab&#160;plus simple, plus transparente, plus lisible&#160;\u00bb. L&rsquo;appel au 36 46 de l&rsquo;assurance maladie, au 39 60 de l&rsquo;assurance retraite ou aux num\u00e9ros des diff\u00e9rentes caisses d&rsquo;allocations familiales est d\u00e9sormais factur\u00e9 0,06 \u20ac la minute. Il n&rsquo;existe pas de principe de gratuit\u00e9 applicable de mani\u00e8re g\u00e9n\u00e9rale \u00e0 tous les services publics et rien ne s&rsquo;oppose donc \u00e0 ce que l&rsquo;acc\u00e8s au service public soit payant. Seulement il arrive toutefois que pour certains services publics administratifs la gratuit\u00e9 soit la r\u00e8gle. C&rsquo;est pourquoi il lui demande si elle peut envisager la gratuit\u00e9 de l&rsquo;appel pour tous les services publics, dans une p\u00e9riode o\u00f9 nos concitoyens ont perdu beaucoup en termes de pouvoir d&rsquo;achat. Il la remercie de sa r\u00e9ponse.<\/span><\/p>\n<\/td>\n<\/tr>\n<\/tbody>\n<\/table>\n<p style=\"text-align: justify;\">\n<\/div>\n\n<div class=\"twitter-share\"><a href=\"https:\/\/twitter.com\/intent\/tweet?via=alainhoupert\" class=\"twitter-share-button\">Tweet<\/a><\/div>\n","protected":false},"excerpt":{"rendered":"<p>Question n\u00b0 19362 adress\u00e9e \u00e0 Mme la secr\u00e9taire d&rsquo;\u00c9tat, aupr\u00e8s du ministre de l&rsquo;\u00e9conomie, de l&rsquo;industrie et du num\u00e9rique, charg\u00e9e du commerce, de l&rsquo;artisanat, de &hellip; <\/p>\n","protected":false},"author":2,"featured_media":0,"comment_status":"open","ping_status":"open","sticky":false,"template":"","format":"standard","meta":[],"categories":[6,7],"tags":[],"_links":{"self":[{"href":"https:\/\/alain-houpert.fr\/site\/index.php\/wp-json\/wp\/v2\/posts\/88"}],"collection":[{"href":"https:\/\/alain-houpert.fr\/site\/index.php\/wp-json\/wp\/v2\/posts"}],"about":[{"href":"https:\/\/alain-houpert.fr\/site\/index.php\/wp-json\/wp\/v2\/types\/post"}],"author":[{"embeddable":true,"href":"https:\/\/alain-houpert.fr\/site\/index.php\/wp-json\/wp\/v2\/users\/2"}],"replies":[{"embeddable":true,"href":"https:\/\/alain-houpert.fr\/site\/index.php\/wp-json\/wp\/v2\/comments?post=88"}],"version-history":[{"count":7,"href":"https:\/\/alain-houpert.fr\/site\/index.php\/wp-json\/wp\/v2\/posts\/88\/revisions"}],"predecessor-version":[{"id":278,"href":"https:\/\/alain-houpert.fr\/site\/index.php\/wp-json\/wp\/v2\/posts\/88\/revisions\/278"}],"wp:attachment":[{"href":"https:\/\/alain-houpert.fr\/site\/index.php\/wp-json\/wp\/v2\/media?parent=88"}],"wp:term":[{"taxonomy":"category","embeddable":true,"href":"https:\/\/alain-houpert.fr\/site\/index.php\/wp-json\/wp\/v2\/categories?post=88"},{"taxonomy":"post_tag","embeddable":true,"href":"https:\/\/alain-houpert.fr\/site\/index.php\/wp-json\/wp\/v2\/tags?post=88"}],"curies":[{"name":"wp","href":"https:\/\/api.w.org\/{rel}","templated":true}]}}