{"id":66,"date":"2016-01-05T10:31:32","date_gmt":"2016-01-05T09:31:32","guid":{"rendered":"http:\/\/alain-houpert.fr\/site\/?p=66"},"modified":"2016-03-07T16:24:52","modified_gmt":"2016-03-07T15:24:52","slug":"question-a-propos-de-lexpulsion-de-chine-dune-journaliste-du-nouvel-observateur","status":"publish","type":"post","link":"https:\/\/alain-houpert.fr\/site\/index.php\/2016\/01\/05\/question-a-propos-de-lexpulsion-de-chine-dune-journaliste-du-nouvel-observateur\/","title":{"rendered":"Question \u00e0 propos de l\u2019expulsion de Chine d\u2019une journaliste du Nouvel Observateur"},"content":{"rendered":"<div class=\"text_exposed_show\">\n<table style=\"border-color: #000000;\">\n<tbody>\n<tr>\n<td>\n<p style=\"text-align: justify;\"><img loading=\"lazy\" class=\"alignleft wp-image-45 \" src=\"http:\/\/alain-houpert.fr\/site\/wp-content\/uploads\/2016\/03\/logo_questions-300x300.jpg\" alt=\"\" width=\"150\" height=\"150\" \/><strong>Question n\u00b0 19568 adress\u00e9e \u00e0 M. le ministre des affaires \u00e9trang\u00e8res et du d\u00e9veloppement international<\/strong><\/p>\n<div class=\"text_exposed_show\">\n<p><strong>\u00c0 publier le&#160;: 14\/01\/2016<\/strong><\/p>\n<p>Texte de la question&#160;:<\/p>\n<\/div>\n<\/td>\n<\/tr>\n<\/tbody>\n<\/table>\n<p style=\"text-align: justify;\"><span style=\"text-decoration: underline;\"><!--more--><\/span><\/p>\n<\/div>\n<table style=\"border-color: #000000;\">\n<tbody>\n<tr>\n<td style=\"text-align: justify;\">M. Alain Houpert attire l&rsquo;attention de M. le ministre des affaires \u00e9trang\u00e8res et du d\u00e9veloppement international sur l&rsquo;expulsion de Chine d&rsquo;une correspondante du Nouvel observateur, le 31 d\u00e9cembre 2015. En raison de son int\u00e9r\u00eat soutenu pour les r\u00e9gions du Tibet et du Xinjiang, elle figurait sur une liste noire de journalistes devenus ind\u00e9sirables en Chine. Apr\u00e8s la r\u00e9daction d&rsquo;un article \u00e9voquant la r\u00e9pression de la minorit\u00e9 ou\u00efgoure au Xinjiang, elle a fait l&rsquo;objet d&rsquo;une violente campagne dans les m\u00e9dias d&rsquo;\u00c9tat chinois. Convoqu\u00e9e \u00e0 plusieurs reprises par le centre international de la presse (IPC), l&rsquo;organisme de tutelle des correspondants \u00e9trangers, elle s&rsquo;est vu refuser une carte de presse, s\u00e9same indispensable pour renouveler son visa et il lui a \u00e9t\u00e9 demand\u00e9 de pr\u00e9senter des excuses publiques. La France est attach\u00e9e \u00e0 la libert\u00e9 de la presse, au respect de la s\u00e9curit\u00e9 et de la libert\u00e9 de ses journalistes. C&rsquo;est pourquoi il lui demande quelles dispositions a prises le Quai d&rsquo;Orsay, pour tenter de convaincre la Chine de renoncer \u00e0 cette expulsion et de r\u00e9examiner la demande de cette journaliste, afin qu&rsquo;elle puisse revenir exercer sa mission en Chine. Il le remercie de sa r\u00e9ponse.<\/td>\n<\/tr>\n<\/tbody>\n<\/table>\n\n<div class=\"twitter-share\"><a href=\"https:\/\/twitter.com\/intent\/tweet?via=alainhoupert\" class=\"twitter-share-button\">Tweet<\/a><\/div>\n","protected":false},"excerpt":{"rendered":"<p>Question n\u00b0 19568 adress\u00e9e \u00e0 M. le ministre des affaires \u00e9trang\u00e8res et du d\u00e9veloppement international \u00c0 publier le&#160;: 14\/01\/2016 Texte de la question&#160;:<\/p>\n","protected":false},"author":2,"featured_media":0,"comment_status":"open","ping_status":"open","sticky":false,"template":"","format":"standard","meta":[],"categories":[6,7],"tags":[],"_links":{"self":[{"href":"https:\/\/alain-houpert.fr\/site\/index.php\/wp-json\/wp\/v2\/posts\/66"}],"collection":[{"href":"https:\/\/alain-houpert.fr\/site\/index.php\/wp-json\/wp\/v2\/posts"}],"about":[{"href":"https:\/\/alain-houpert.fr\/site\/index.php\/wp-json\/wp\/v2\/types\/post"}],"author":[{"embeddable":true,"href":"https:\/\/alain-houpert.fr\/site\/index.php\/wp-json\/wp\/v2\/users\/2"}],"replies":[{"embeddable":true,"href":"https:\/\/alain-houpert.fr\/site\/index.php\/wp-json\/wp\/v2\/comments?post=66"}],"version-history":[{"count":7,"href":"https:\/\/alain-houpert.fr\/site\/index.php\/wp-json\/wp\/v2\/posts\/66\/revisions"}],"predecessor-version":[{"id":269,"href":"https:\/\/alain-houpert.fr\/site\/index.php\/wp-json\/wp\/v2\/posts\/66\/revisions\/269"}],"wp:attachment":[{"href":"https:\/\/alain-houpert.fr\/site\/index.php\/wp-json\/wp\/v2\/media?parent=66"}],"wp:term":[{"taxonomy":"category","embeddable":true,"href":"https:\/\/alain-houpert.fr\/site\/index.php\/wp-json\/wp\/v2\/categories?post=66"},{"taxonomy":"post_tag","embeddable":true,"href":"https:\/\/alain-houpert.fr\/site\/index.php\/wp-json\/wp\/v2\/tags?post=66"}],"curies":[{"name":"wp","href":"https:\/\/api.w.org\/{rel}","templated":true}]}}