{"id":492,"date":"2016-06-23T13:32:58","date_gmt":"2016-06-23T12:32:58","guid":{"rendered":"http:\/\/alain-houpert.fr\/site\/?p=492"},"modified":"2016-10-27T13:33:22","modified_gmt":"2016-10-27T12:33:22","slug":"reponse-du-ministere-de-la-fonction-publique-a-ma-question-a-propos-de-la-mutualisation-des-moyens-des-centres-de-gestion-et-creation-dun-groupement-dinteret-public-informatique","status":"publish","type":"post","link":"https:\/\/alain-houpert.fr\/site\/index.php\/2016\/06\/23\/reponse-du-ministere-de-la-fonction-publique-a-ma-question-a-propos-de-la-mutualisation-des-moyens-des-centres-de-gestion-et-creation-dun-groupement-dinteret-public-informatique\/","title":{"rendered":"R\u00e9ponse du Minist\u00e8re de la fonction publique \u00e0 ma question \u00e0 propos de la mutualisation des moyens des centres de gestion et cr\u00e9ation d&rsquo;un groupement d&rsquo;int\u00e9r\u00eat public informatique"},"content":{"rendered":"<div class=\"text_exposed_show\">\n<table style=\"border-collapse: separate; border-color: #000000;\">\n<tbody>\n<tr>\n<td>\n<p style=\"text-align: justify;\"><img loading=\"lazy\" class=\"alignleft wp-image-45 \" src=\"http:\/\/alain-houpert.fr\/site\/wp-content\/uploads\/2016\/03\/logo_questions-300x300.jpg\" alt=\"\" width=\"150\" height=\"150\" \/><strong>Question n\u00b0<\/strong><strong>19696<\/strong><strong>\u00a0adress\u00e9e \u00e0\u00a0<\/strong><strong>Mme la ministre de la d\u00e9centralisation et de la fonction publique<\/strong><\/p>\n<div class=\"text_exposed_show\">\n<div class=\"text_exposed_show\">\n<div class=\"text_exposed_show\">\n<p><strong>\u00c0 publier le&#160;: 21\/01\/2016<\/strong><\/p>\n<p>Texte de la question&#160;:<\/p>\n<p>&nbsp;<\/p>\n<\/div>\n<\/div>\n<\/div>\n<div class=\"text_exposed_show\">\n<div class=\"text_exposed_show\">\n<p align=\"justify\">M. Alain Houpert attire <span class=\"highLight\">l&rsquo;attention de Mme la ministre de la d\u00e9centralisation et de la fonction publique sur la demande r\u00e9p\u00e9t\u00e9e des pr\u00e9sidents des centres de gestion<\/span> qui demandent <span class=\"highLight\">la cr\u00e9ation d&rsquo;un groupement d&rsquo;int\u00e9r\u00eat public (GIP) informatique, afin de poursuivre la mutualisation des moyens informatiques de ces centres<\/span>. <span class=\"highLight\">Depuis 2009, les 77 pr\u00e9sidents des centres de gestion membres de l&rsquo;alliance informatique<\/span>, souhaitent am\u00e9liorer la s\u00e9curit\u00e9 juridique de leurs d\u00e9marches. Apr\u00e8s avoir \u00e9tudi\u00e9 plusieurs hypoth\u00e8ses, ils ont retenu celle de la cr\u00e9ation d&rsquo;un GIP Informatique, mais l&rsquo;alliance rencontre des difficult\u00e9s pour faire aboutir ce projet. Il lui demande en cons\u00e9quence si elle envisage de prendre des <span class=\"highLight\">mesures concr\u00e8tes afin de donner satisfaction aux pr\u00e9sidents des centre de gestion<\/span> et la remercie de sa r\u00e9ponse.<\/p>\n<p align=\"justify\">(Transmise au Minist\u00e8re de la fonction publique)<\/p>\n<\/div>\n<\/div>\n<\/td>\n<\/tr>\n<\/tbody>\n<\/table>\n<p style=\"text-align: justify;\"><!--more--><\/p>\n<\/div>\n<table style=\"border-color: #000000;\">\n<tbody>\n<tr>\n<td style=\"text-align: justify;\"><span style=\"text-decoration: underline;\"><strong>Texte de la r\u00e9ponse&#160;:<\/strong><\/span><\/p>\n<p><strong>Publie\u0301e dans le JO Se\u0301nat du 23\/06\/2016 &#8211; page\u00a02796<\/strong><\/p>\n<p>Des centres de gestion de la fonction publique territoriale demandent la cr\u00e9ation d&rsquo;un groupement d&rsquo;int\u00e9r\u00eat public afin de doter d&rsquo;un cadre juridique plus adapt\u00e9 leur initiative de mutualisation de leurs moyens informatiques, d\u00e9j\u00e0 engag\u00e9e sur une base purement contractuelle et d\u00e9nomm\u00e9e \u00ab&#160;Alliance informatique&#160;\u00bb. Il n&rsquo;existe aucun obstacle juridique, tant au regard de la loi n\u00b0 84-53 du 26 janvier 1984 portant dispositions statutaires relatives \u00e0 la fonction publique territoriale que du chapitre II, consacr\u00e9 aux groupements d&rsquo;int\u00e9r\u00eat public, de la loi n\u00b0 2011-525 du 17 mai 2011 de simplification et d&rsquo;am\u00e9lioration de la qualit\u00e9 du droit, \u00e0 la cr\u00e9ation d&rsquo;un tel groupement. Cependant, les ministres comp\u00e9tents en vertu de l&rsquo;article 1er du d\u00e9cret n\u00b0 2012-91 du 26 janvier 2012 relatif aux groupements d&rsquo;int\u00e9r\u00eat public ne peuvent approuver la convention constitutive du groupement envisag\u00e9 qu&rsquo;\u00e0 certaines conditions. D&rsquo;une part, cette convention doit \u00eatre sign\u00e9e par ses membres et doit comporter l&rsquo;ensemble des mentions exig\u00e9es par l&rsquo;article 99 de la loi du 17 mai 2011 pr\u00e9cit\u00e9e. D&rsquo;autre part, le dossier qui leur est transmis doit comporter l&rsquo;int\u00e9gralit\u00e9 des pi\u00e8ces exig\u00e9es par l&rsquo;article 3 dudit d\u00e9cret et son arr\u00eat\u00e9 d&rsquo;application du 23 mars 2012. Le dossier de constitution de ce groupement d&rsquo;int\u00e9r\u00eat public fait actuellement l&rsquo;objet d&rsquo;une r\u00e9vision pour prendre en compte les conditions pr\u00e9cit\u00e9es et des discussions sont en cours en vue d&rsquo;obtenir la participation d&rsquo;autres centres de gestion qui ne sont pas membres de l&rsquo;Alliance informatique et souhaitent contribuer au d\u00e9veloppement de cette d\u00e9marche.<\/td>\n<\/tr>\n<\/tbody>\n<\/table>\n\n<div class=\"twitter-share\"><a href=\"https:\/\/twitter.com\/intent\/tweet?via=alainhoupert\" class=\"twitter-share-button\">Tweet<\/a><\/div>\n","protected":false},"excerpt":{"rendered":"<p>Question n\u00b019696\u00a0adress\u00e9e \u00e0\u00a0Mme la ministre de la d\u00e9centralisation et de la fonction publique \u00c0 publier le&#160;: 21\/01\/2016 Texte de la question&#160;: &nbsp; M. Alain Houpert &hellip; <\/p>\n","protected":false},"author":1,"featured_media":0,"comment_status":"open","ping_status":"open","sticky":false,"template":"","format":"standard","meta":[],"categories":[11,15,6,7],"tags":[],"_links":{"self":[{"href":"https:\/\/alain-houpert.fr\/site\/index.php\/wp-json\/wp\/v2\/posts\/492"}],"collection":[{"href":"https:\/\/alain-houpert.fr\/site\/index.php\/wp-json\/wp\/v2\/posts"}],"about":[{"href":"https:\/\/alain-houpert.fr\/site\/index.php\/wp-json\/wp\/v2\/types\/post"}],"author":[{"embeddable":true,"href":"https:\/\/alain-houpert.fr\/site\/index.php\/wp-json\/wp\/v2\/users\/1"}],"replies":[{"embeddable":true,"href":"https:\/\/alain-houpert.fr\/site\/index.php\/wp-json\/wp\/v2\/comments?post=492"}],"version-history":[{"count":1,"href":"https:\/\/alain-houpert.fr\/site\/index.php\/wp-json\/wp\/v2\/posts\/492\/revisions"}],"predecessor-version":[{"id":493,"href":"https:\/\/alain-houpert.fr\/site\/index.php\/wp-json\/wp\/v2\/posts\/492\/revisions\/493"}],"wp:attachment":[{"href":"https:\/\/alain-houpert.fr\/site\/index.php\/wp-json\/wp\/v2\/media?parent=492"}],"wp:term":[{"taxonomy":"category","embeddable":true,"href":"https:\/\/alain-houpert.fr\/site\/index.php\/wp-json\/wp\/v2\/categories?post=492"},{"taxonomy":"post_tag","embeddable":true,"href":"https:\/\/alain-houpert.fr\/site\/index.php\/wp-json\/wp\/v2\/tags?post=492"}],"curies":[{"name":"wp","href":"https:\/\/api.w.org\/{rel}","templated":true}]}}