{"id":424,"date":"2016-06-30T11:09:33","date_gmt":"2016-06-30T10:09:33","guid":{"rendered":"http:\/\/alain-houpert.fr\/site\/?p=424"},"modified":"2016-07-19T09:24:03","modified_gmt":"2016-07-19T08:24:03","slug":"question-a-propos-de-lapplication-de-la-loi-sur-la-securite-dans-les-transports","status":"publish","type":"post","link":"https:\/\/alain-houpert.fr\/site\/index.php\/2016\/06\/30\/question-a-propos-de-lapplication-de-la-loi-sur-la-securite-dans-les-transports\/","title":{"rendered":"Question \u00e0 propos de l&rsquo;application de la loi sur la s\u00e9curit\u00e9 dans les transports"},"content":{"rendered":"<div class=\"text_exposed_show\">\n<table style=\"border-collapse: separate; border-color: #000000;\">\n<tbody>\n<tr>\n<td>\n<p style=\"text-align: justify;\"><img loading=\"lazy\" class=\"alignleft wp-image-45 \" src=\"http:\/\/alain-houpert.fr\/site\/wp-content\/uploads\/2016\/03\/logo_questions-300x300.jpg\" alt=\"\" width=\"150\" height=\"150\" \/><strong>Question n\u00b0<\/strong><strong>22631\u00a0<\/strong><strong>adress\u00e9e \u00e0\u00a0<\/strong><strong>M. le ministre de l&rsquo;int\u00e9rieur<\/strong><\/p>\n<div class=\"text_exposed_show\">\n<div class=\"text_exposed_show\">\n<p><strong>\u00c0 publier le&#160;: 07\/07\/2016<\/strong><\/p>\n<p><span style=\"text-decoration: underline;\"><strong>Texte de la question&#160;:<\/strong><\/span><\/p>\n<\/div>\n<\/div>\n<div class=\"text_exposed_show\">\n<p class=\"p1\" style=\"text-align: justify;\">M. Alain Houpert attire l&rsquo;attention de M. le ministre de l&rsquo;int\u00e9rieur sur la loi n\u00b0 2016-339 du 22 mars 2016 relative \u00e0 la pr\u00e9vention et \u00e0 la lutte contre les incivilit\u00e9s, contre les atteintes \u00e0 la s\u00e9curit\u00e9 publique et contre les actes terroristes dans les transports collectifs de voyageurs.<\/p>\n<\/div>\n<\/td>\n<\/tr>\n<\/tbody>\n<\/table>\n<p style=\"text-align: justify;\"><!--more--><\/p>\n<\/div>\n<table style=\"border-color: #000000;\">\n<tbody>\n<tr>\n<td style=\"text-align: justify;\">Alors que les grandes vacances se profilent et que le risque d&rsquo;attentat est au plus haut, le d\u00e9cret cens\u00e9 cadrer la mission des agents ferroviaires n&rsquo;a toujours pas \u00e9t\u00e9 adopt\u00e9. Il le \u00ab&#160;serait&#160;\u00bb fin septembre 2016 ce qui veut dire que la s\u00e9curit\u00e9 dans les trains de nos vacances est loin d&rsquo;\u00eatre assur\u00e9e. L&rsquo;application de la loi pr\u00e9voit, en effet, d&rsquo;\u00e9tendre les pr\u00e9rogatives des agents de s\u00fbret\u00e9 de la soci\u00e9t\u00e9 nationale des chemins de fer fran\u00e7ais (SNCF) et de la r\u00e9gie autonome des transports parisiens (RATP). Ils seront autoris\u00e9s \u00e0 proc\u00e9der, de mani\u00e8re al\u00e9atoire, \u00e0 des palpations de s\u00e9curit\u00e9, \u00e0 des fouilles de bagages ou \u00e0 des inspections visuelles. Les agents de la s\u00fbret\u00e9 ferroviaire et du groupe de protection et de s\u00e9curisation des r\u00e9seaux pourront patrouiller en civil dans les trains, les m\u00e9tros et les bus. Si un passager refuse de se soumettre \u00e0 leurs demandes, il pourra se voir refuser l&rsquo;acc\u00e8s aux moyens de transport. De plus, la SNCF et la RATP pourront solliciter des enqu\u00eates administratives concernant des recrutements sur des postes relatifs \u00e0 la s\u00e9curit\u00e9 des personnes. Ce retard l\u00e9gislatif incompr\u00e9hensible provoque des interrogations chez nos concitoyens dans une France en \u00e9tat d&rsquo;urgence absolue. C&rsquo;est pourquoi il lui demande s&rsquo;il compte rem\u00e9dier \u00e0 cette lenteur le remercie de sa r\u00e9ponse.<\/td>\n<\/tr>\n<\/tbody>\n<\/table>\n\n<div class=\"twitter-share\"><a href=\"https:\/\/twitter.com\/intent\/tweet?via=alainhoupert\" class=\"twitter-share-button\">Tweet<\/a><\/div>\n","protected":false},"excerpt":{"rendered":"<p>Question n\u00b022631\u00a0adress\u00e9e \u00e0\u00a0M. le ministre de l&rsquo;int\u00e9rieur \u00c0 publier le&#160;: 07\/07\/2016 Texte de la question&#160;: M. Alain Houpert attire l&rsquo;attention de M. le ministre de &hellip; <\/p>\n","protected":false},"author":2,"featured_media":0,"comment_status":"open","ping_status":"open","sticky":false,"template":"","format":"standard","meta":[],"categories":[6,7],"tags":[],"_links":{"self":[{"href":"https:\/\/alain-houpert.fr\/site\/index.php\/wp-json\/wp\/v2\/posts\/424"}],"collection":[{"href":"https:\/\/alain-houpert.fr\/site\/index.php\/wp-json\/wp\/v2\/posts"}],"about":[{"href":"https:\/\/alain-houpert.fr\/site\/index.php\/wp-json\/wp\/v2\/types\/post"}],"author":[{"embeddable":true,"href":"https:\/\/alain-houpert.fr\/site\/index.php\/wp-json\/wp\/v2\/users\/2"}],"replies":[{"embeddable":true,"href":"https:\/\/alain-houpert.fr\/site\/index.php\/wp-json\/wp\/v2\/comments?post=424"}],"version-history":[{"count":3,"href":"https:\/\/alain-houpert.fr\/site\/index.php\/wp-json\/wp\/v2\/posts\/424\/revisions"}],"predecessor-version":[{"id":426,"href":"https:\/\/alain-houpert.fr\/site\/index.php\/wp-json\/wp\/v2\/posts\/424\/revisions\/426"}],"wp:attachment":[{"href":"https:\/\/alain-houpert.fr\/site\/index.php\/wp-json\/wp\/v2\/media?parent=424"}],"wp:term":[{"taxonomy":"category","embeddable":true,"href":"https:\/\/alain-houpert.fr\/site\/index.php\/wp-json\/wp\/v2\/categories?post=424"},{"taxonomy":"post_tag","embeddable":true,"href":"https:\/\/alain-houpert.fr\/site\/index.php\/wp-json\/wp\/v2\/tags?post=424"}],"curies":[{"name":"wp","href":"https:\/\/api.w.org\/{rel}","templated":true}]}}