{"id":408,"date":"2016-06-23T08:44:42","date_gmt":"2016-06-23T07:44:42","guid":{"rendered":"http:\/\/alain-houpert.fr\/site\/?p=408"},"modified":"2016-07-19T08:51:09","modified_gmt":"2016-07-19T07:51:09","slug":"question-a-propos-de-la-perennite-du-diplome-detudes-specialisees-en-allergologie","status":"publish","type":"post","link":"https:\/\/alain-houpert.fr\/site\/index.php\/2016\/06\/23\/question-a-propos-de-la-perennite-du-diplome-detudes-specialisees-en-allergologie\/","title":{"rendered":"Question \u00e0 propos de la p\u00e9rennit\u00e9 du dipl\u00f4me d&rsquo;\u00e9tudes sp\u00e9cialis\u00e9es en allergologie"},"content":{"rendered":"<div class=\"text_exposed_show\">\n<table style=\"border-collapse: separate; border-color: #000000;\">\n<tbody>\n<tr>\n<td>\n<p style=\"text-align: justify;\"><img loading=\"lazy\" class=\"alignleft wp-image-45 \" src=\"http:\/\/alain-houpert.fr\/site\/wp-content\/uploads\/2016\/03\/logo_questions-300x300.jpg\" alt=\"\" width=\"150\" height=\"150\" \/><strong>Question n\u00b0<\/strong><strong>22529<\/strong><strong>\u00a0adress\u00e9e \u00e0\u00a0<\/strong><strong>Mme la ministre des affaires sociales et de la sant\u00e9<\/strong><\/p>\n<div class=\"text_exposed_show\">\n<div class=\"text_exposed_show\">\n<p><strong>\u00c0 publier le&#160;: 30\/06\/2016<\/strong><\/p>\n<p><span style=\"text-decoration: underline;\"><strong>Texte de la question&#160;:<\/strong><\/span><\/p>\n<\/div>\n<\/div>\n<div class=\"text_exposed_show\">\n<p class=\"p1\" style=\"text-align: justify;\">M. Alain Houpert attire l\u2019attention de Mme la ministre des affaires sociales et de la sant\u00e9 sur les risques que fait peser le projet de r\u00e9forme des \u00e9tudes m\u00e9dicales de troisi\u00e8me cycle sur la prise en charge des patients allergiques.<\/p>\n<\/div>\n<\/td>\n<\/tr>\n<\/tbody>\n<\/table>\n<p style=\"text-align: justify;\"><!--more--><\/p>\n<\/div>\n<table style=\"border-color: #000000;\">\n<tbody>\n<tr>\n<td style=\"text-align: justify;\">En effet, les allergies, v\u00e9ritables \u00ab&#160;maladies de civilisation&#160;\u00bb, concernent aujourd&rsquo;hui un Fran\u00e7ais sur trois, enfants et adultes, et la prise en charge des patients les plus s\u00e9v\u00e8res \u2013 entre 3 et 4 millions par an \u2013 par les allergologues reste aujourd&rsquo;hui insuffisante&#160;: les d\u00e9lais d&rsquo;attente pour consulter s&rsquo;allongent r\u00e9guli\u00e8rement, entre trois et six mois, ce qui laisse le temps aux pathologies de se d\u00e9velopper et de se complexifier. Face \u00e0 ce constat, les allergologues lancent un cri d&rsquo;alarme&#160;: ces m\u00e9decins, g\u00e9n\u00e9ralistes ou sp\u00e9cialistes en p\u00e9diatrie, dermatologie ou pneumologie, ont suivi un dipl\u00f4me d&rsquo;\u00e9tudes sp\u00e9cialis\u00e9es compl\u00e9mentaires d&rsquo;allergologie et immunologie clinique (DESC de type 2) apr\u00e8s leur internat ou une formation continue en allergologie. Or le projet de r\u00e9forme des \u00e9tudes m\u00e9dicales de troisi\u00e8me cycle, attendu pour la rentr\u00e9e 2017, pr\u00e9voit la suppression de l&rsquo;ensemble des dipl\u00f4mes d&rsquo;\u00e9tudes sp\u00e9cialis\u00e9es compl\u00e9mentaires, ainsi que des capacit\u00e9s en formation continue. Pour traiter les allergies dans leur globalit\u00e9 ainsi que les allergies alimentaires et les allergies aux venins, une formation sp\u00e9cialis\u00e9e transversale, \u00e9voqu\u00e9e en r\u00e9ponse \u00e0 de pr\u00e9c\u00e9dentes questions \u00e9crites des parlementaires en avril 2015, ne para\u00eet pas constituer une r\u00e9ponse appropri\u00e9e \u00e0 la mesure de cet enjeu sanitaire et \u00e9conomique que repr\u00e9sente d\u00e9sormais la prise en charge des allergies&#160;: propos\u00e9e comme une option pendant un semestre aux \u00e9tudiants lors de leur internat, elle ne serait tout au plus qu&rsquo;une sensibilisation au ph\u00e9nom\u00e8ne grandissant des allergies, sans d\u00e9boucher sur une v\u00e9ritable formation dipl\u00f4mante, \u00e0 m\u00eame de r\u00e9pondre aux besoins des patients. La profession d&rsquo;allergologue risque de dispara\u00eetre dans les quinze ans \u00e0 venir alors que le nombre d&rsquo;allergiques ne cesse d&rsquo;augmenter. C&rsquo;est pourquoi il lui demande si elle envisage de renforcer la formation des allergologues par la cr\u00e9ation d&rsquo;un dipl\u00f4me d&rsquo;\u00e9tudes sp\u00e9cialis\u00e9es d&rsquo;allergologie. Il la remercie de sa r\u00e9ponse.<\/td>\n<\/tr>\n<\/tbody>\n<\/table>\n\n<div class=\"twitter-share\"><a href=\"https:\/\/twitter.com\/intent\/tweet?via=alainhoupert\" class=\"twitter-share-button\">Tweet<\/a><\/div>\n","protected":false},"excerpt":{"rendered":"<p>Question n\u00b022529\u00a0adress\u00e9e \u00e0\u00a0Mme la ministre des affaires sociales et de la sant\u00e9 \u00c0 publier le&#160;: 30\/06\/2016 Texte de la question&#160;: M. Alain Houpert attire l\u2019attention &hellip; <\/p>\n","protected":false},"author":2,"featured_media":0,"comment_status":"open","ping_status":"open","sticky":false,"template":"","format":"standard","meta":[],"categories":[6,7],"tags":[],"_links":{"self":[{"href":"https:\/\/alain-houpert.fr\/site\/index.php\/wp-json\/wp\/v2\/posts\/408"}],"collection":[{"href":"https:\/\/alain-houpert.fr\/site\/index.php\/wp-json\/wp\/v2\/posts"}],"about":[{"href":"https:\/\/alain-houpert.fr\/site\/index.php\/wp-json\/wp\/v2\/types\/post"}],"author":[{"embeddable":true,"href":"https:\/\/alain-houpert.fr\/site\/index.php\/wp-json\/wp\/v2\/users\/2"}],"replies":[{"embeddable":true,"href":"https:\/\/alain-houpert.fr\/site\/index.php\/wp-json\/wp\/v2\/comments?post=408"}],"version-history":[{"count":4,"href":"https:\/\/alain-houpert.fr\/site\/index.php\/wp-json\/wp\/v2\/posts\/408\/revisions"}],"predecessor-version":[{"id":413,"href":"https:\/\/alain-houpert.fr\/site\/index.php\/wp-json\/wp\/v2\/posts\/408\/revisions\/413"}],"wp:attachment":[{"href":"https:\/\/alain-houpert.fr\/site\/index.php\/wp-json\/wp\/v2\/media?parent=408"}],"wp:term":[{"taxonomy":"category","embeddable":true,"href":"https:\/\/alain-houpert.fr\/site\/index.php\/wp-json\/wp\/v2\/categories?post=408"},{"taxonomy":"post_tag","embeddable":true,"href":"https:\/\/alain-houpert.fr\/site\/index.php\/wp-json\/wp\/v2\/tags?post=408"}],"curies":[{"name":"wp","href":"https:\/\/api.w.org\/{rel}","templated":true}]}}