{"id":364,"date":"2016-05-11T16:46:16","date_gmt":"2016-05-11T15:46:16","guid":{"rendered":"http:\/\/alain-houpert.fr\/site\/?p=364"},"modified":"2016-06-20T16:48:22","modified_gmt":"2016-06-20T15:48:22","slug":"question-a-propos-de-lavenir-du-transport-routier-en-france","status":"publish","type":"post","link":"https:\/\/alain-houpert.fr\/site\/index.php\/2016\/05\/11\/question-a-propos-de-lavenir-du-transport-routier-en-france\/","title":{"rendered":"Question \u00e0 propos de l\u2019avenir du transport routier en France"},"content":{"rendered":"<div class=\"text_exposed_show\">\n<table style=\"border-collapse: separate; border-color: #000000;\">\n<tbody>\n<tr>\n<td>\n<p style=\"text-align: justify;\"><img loading=\"lazy\" class=\"alignleft wp-image-45 \" src=\"http:\/\/alain-houpert.fr\/site\/wp-content\/uploads\/2016\/03\/logo_questions-300x300.jpg\" alt=\"\" width=\"150\" height=\"150\" \/><strong>Question n\u00b0<\/strong><strong>21800<\/strong><strong>\u00a0adress\u00e9e \u00e0\u00a0<\/strong><strong>M. le secr\u00e9taire d&rsquo;\u00c9tat, aupr\u00e8s de la ministre de l&rsquo;environnement, de l&rsquo;\u00e9nergie et de la mer, charg\u00e9e des relations internationales sur le climat, charg\u00e9 des transports, de la mer et de la p\u00eache<\/strong><\/p>\n<div class=\"text_exposed_show\">\n<div class=\"text_exposed_show\">\n<p><strong>\u00c0 publier le&#160;: 19\/05\/2016<\/strong><\/p>\n<p><span style=\"text-decoration: underline;\"><strong>Texte de la question&#160;:<\/strong><\/span><\/p>\n<\/div>\n<\/div>\n<div class=\"text_exposed_show\">\n<p style=\"text-align: justify;\">M. Alain Houpert attire l&rsquo;attention de M. le secr\u00e9taire d&rsquo;\u00c9tat, aupr\u00e8s de la ministre de l&rsquo;environnement, de l&rsquo;\u00e9nergie et de la mer, charg\u00e9e des relations internationales sur le climat, charg\u00e9 des transports, de la mer et de la p\u00eache sur les ph\u00e9nom\u00e8nes de concurrence d\u00e9loyale venus des pays de l&rsquo;Est, dont sont victimes les entreprises de transport routier fran\u00e7ais.<\/p>\n<\/div>\n<\/td>\n<\/tr>\n<\/tbody>\n<\/table>\n<p style=\"text-align: justify;\"><!--more--><\/p>\n<\/div>\n<table style=\"border-color: #000000;\">\n<tbody>\n<tr>\n<td style=\"text-align: justify;\">En effet outre le transport de marchandises par poids lourds, ces soci\u00e9t\u00e9s \u00e9trang\u00e8res font \u00e9galement des transports de lots, \u00e0 l&rsquo;aide d&rsquo;utilitaires l\u00e9gers de 3,5 tonnes, en transport r\u00e9gulier ou en express appel\u00e9 cabotage. Mais les chauffeurs de ces soci\u00e9t\u00e9s roulent sans compter au-del\u00e0 de toute limite pour un salaire d\u00e9risoire. Force est donc de constater que les salari\u00e9s de certains pays europ\u00e9ens travaillent en dehors de toute r\u00e8gle sociale. Compte tenu d&rsquo;un manque de moyens r\u00e9currents, la loi sur le cabotage est bafou\u00e9e en permanence sur notre sol. Cela implique de facto de nombreuses d\u00e9rives qui ne sont pas sanctionn\u00e9es. Face \u00e0 ce probl\u00e8me de distorsion de concurrence, qui risque de fragiliser plus encore les entreprises fran\u00e7aises de transport, il lui demande de lui faire savoir quelles sont les mesures que compte mettre en \u0153uvre le Gouvernement afin que la l\u00e9gislation soit respect\u00e9e sur notre territoire.<\/td>\n<\/tr>\n<\/tbody>\n<\/table>\n\n<div class=\"twitter-share\"><a href=\"https:\/\/twitter.com\/intent\/tweet?via=alainhoupert\" class=\"twitter-share-button\">Tweet<\/a><\/div>\n","protected":false},"excerpt":{"rendered":"<p>Question n\u00b021800\u00a0adress\u00e9e \u00e0\u00a0M. le secr\u00e9taire d&rsquo;\u00c9tat, aupr\u00e8s de la ministre de l&rsquo;environnement, de l&rsquo;\u00e9nergie et de la mer, charg\u00e9e des relations internationales sur le climat, &hellip; <\/p>\n","protected":false},"author":2,"featured_media":0,"comment_status":"open","ping_status":"open","sticky":false,"template":"","format":"standard","meta":[],"categories":[6,7],"tags":[],"_links":{"self":[{"href":"https:\/\/alain-houpert.fr\/site\/index.php\/wp-json\/wp\/v2\/posts\/364"}],"collection":[{"href":"https:\/\/alain-houpert.fr\/site\/index.php\/wp-json\/wp\/v2\/posts"}],"about":[{"href":"https:\/\/alain-houpert.fr\/site\/index.php\/wp-json\/wp\/v2\/types\/post"}],"author":[{"embeddable":true,"href":"https:\/\/alain-houpert.fr\/site\/index.php\/wp-json\/wp\/v2\/users\/2"}],"replies":[{"embeddable":true,"href":"https:\/\/alain-houpert.fr\/site\/index.php\/wp-json\/wp\/v2\/comments?post=364"}],"version-history":[{"count":3,"href":"https:\/\/alain-houpert.fr\/site\/index.php\/wp-json\/wp\/v2\/posts\/364\/revisions"}],"predecessor-version":[{"id":367,"href":"https:\/\/alain-houpert.fr\/site\/index.php\/wp-json\/wp\/v2\/posts\/364\/revisions\/367"}],"wp:attachment":[{"href":"https:\/\/alain-houpert.fr\/site\/index.php\/wp-json\/wp\/v2\/media?parent=364"}],"wp:term":[{"taxonomy":"category","embeddable":true,"href":"https:\/\/alain-houpert.fr\/site\/index.php\/wp-json\/wp\/v2\/categories?post=364"},{"taxonomy":"post_tag","embeddable":true,"href":"https:\/\/alain-houpert.fr\/site\/index.php\/wp-json\/wp\/v2\/tags?post=364"}],"curies":[{"name":"wp","href":"https:\/\/api.w.org\/{rel}","templated":true}]}}