{"id":335,"date":"2016-04-07T11:01:25","date_gmt":"2016-04-07T10:01:25","guid":{"rendered":"http:\/\/alain-houpert.fr\/site\/?p=335"},"modified":"2016-06-20T11:03:59","modified_gmt":"2016-06-20T10:03:59","slug":"question-a-propos-de-passe-droits-a-laeroport-de-nice-pour-des-fiches-s","status":"publish","type":"post","link":"https:\/\/alain-houpert.fr\/site\/index.php\/2016\/04\/07\/question-a-propos-de-passe-droits-a-laeroport-de-nice-pour-des-fiches-s\/","title":{"rendered":"Question \u00e0 propos de passe-droits \u00e0 l&rsquo;a\u00e9roport de Nice pour des fich\u00e9s S"},"content":{"rendered":"<div class=\"text_exposed_show\">\n<table style=\"border-collapse: separate; border-color: #000000;\">\n<tbody>\n<tr>\n<td>\n<p style=\"text-align: justify;\"><img loading=\"lazy\" class=\"alignleft wp-image-45 \" src=\"http:\/\/alain-houpert.fr\/site\/wp-content\/uploads\/2016\/03\/logo_questions-300x300.jpg\" alt=\"\" width=\"150\" height=\"150\" \/><strong>Question n\u00b0 21226 adress\u00e9e \u00e0 M. le Premier ministre<\/strong><\/p>\n<div class=\"text_exposed_show\">\n<div class=\"text_exposed_show\">\n<p><strong>\u00c0 publier le&#160;: 14\/04\/2016<\/strong><\/p>\n<p>Texte de la question&#160;:<\/p>\n<p>&nbsp;<\/p>\n<\/div>\n<\/div>\n<div class=\"text_exposed_show\">\n<p style=\"text-align: justify;\">M. Alain Houpert attire l&rsquo;attention de M. le Premier ministre sur une d\u00e9claration du pr\u00e9sident de la R\u00e9gion Provence-Alpes-C\u00f4te d&rsquo;Azur et maire de Nice, prononc\u00e9e sur RTL le 7 avril 2016, selon laquelle deux individus fich\u00e9s S par les services de renseignement fran\u00e7ais seraient entr\u00e9s sans le moindre contr\u00f4le sur notre territoire, apr\u00e8s avoir atterri \u00e0 l&rsquo;a\u00e9roport de Nice en ao\u00fbt 2015.<\/p>\n<\/div>\n<\/td>\n<\/tr>\n<\/tbody>\n<\/table>\n<p style=\"text-align: justify;\"><!--more--><\/p>\n<\/div>\n<table style=\"border-color: #000000;\">\n<tbody>\n<tr>\n<td style=\"text-align: justify;\">Des dizaines de personnes, notamment en provenance d&rsquo;Arabie saoudite ou d&rsquo;autres \u00c9tats de la p\u00e9ninsule arabique seraient ainsi, chaque ann\u00e9e, b\u00e9n\u00e9ficiaires, \u00e0 leur arriv\u00e9e \u00e0 l&rsquo;a\u00e9roport international de Nice, d&rsquo;une exemption d&rsquo;inspection et de filtrage et les policiers qui ont signal\u00e9 cette anomalie en ont subi les cons\u00e9quences. Il lui demande donc de bien vouloir lui donner toutes les pr\u00e9cisions sur cette affaire et de lui indiquer sa politique en la mati\u00e8re.<\/td>\n<\/tr>\n<\/tbody>\n<\/table>\n\n<div class=\"twitter-share\"><a href=\"https:\/\/twitter.com\/intent\/tweet?via=alainhoupert\" class=\"twitter-share-button\">Tweet<\/a><\/div>\n","protected":false},"excerpt":{"rendered":"<p>Question n\u00b0 21226 adress\u00e9e \u00e0 M. le Premier ministre \u00c0 publier le&#160;: 14\/04\/2016 Texte de la question&#160;: &nbsp; M. Alain Houpert attire l&rsquo;attention de M. &hellip; <\/p>\n","protected":false},"author":2,"featured_media":0,"comment_status":"open","ping_status":"open","sticky":false,"template":"","format":"standard","meta":[],"categories":[6,7],"tags":[],"_links":{"self":[{"href":"https:\/\/alain-houpert.fr\/site\/index.php\/wp-json\/wp\/v2\/posts\/335"}],"collection":[{"href":"https:\/\/alain-houpert.fr\/site\/index.php\/wp-json\/wp\/v2\/posts"}],"about":[{"href":"https:\/\/alain-houpert.fr\/site\/index.php\/wp-json\/wp\/v2\/types\/post"}],"author":[{"embeddable":true,"href":"https:\/\/alain-houpert.fr\/site\/index.php\/wp-json\/wp\/v2\/users\/2"}],"replies":[{"embeddable":true,"href":"https:\/\/alain-houpert.fr\/site\/index.php\/wp-json\/wp\/v2\/comments?post=335"}],"version-history":[{"count":3,"href":"https:\/\/alain-houpert.fr\/site\/index.php\/wp-json\/wp\/v2\/posts\/335\/revisions"}],"predecessor-version":[{"id":338,"href":"https:\/\/alain-houpert.fr\/site\/index.php\/wp-json\/wp\/v2\/posts\/335\/revisions\/338"}],"wp:attachment":[{"href":"https:\/\/alain-houpert.fr\/site\/index.php\/wp-json\/wp\/v2\/media?parent=335"}],"wp:term":[{"taxonomy":"category","embeddable":true,"href":"https:\/\/alain-houpert.fr\/site\/index.php\/wp-json\/wp\/v2\/categories?post=335"},{"taxonomy":"post_tag","embeddable":true,"href":"https:\/\/alain-houpert.fr\/site\/index.php\/wp-json\/wp\/v2\/tags?post=335"}],"curies":[{"name":"wp","href":"https:\/\/api.w.org\/{rel}","templated":true}]}}