{"id":312,"date":"2016-03-30T15:35:58","date_gmt":"2016-03-30T14:35:58","guid":{"rendered":"http:\/\/alain-houpert.fr\/site\/?p=312"},"modified":"2016-10-27T14:23:43","modified_gmt":"2016-10-27T13:23:43","slug":"question-a-propos-des-dotations-pour-les-hauts-lieux-de-memoire-situes-sur-les-communes-rurales","status":"publish","type":"post","link":"https:\/\/alain-houpert.fr\/site\/index.php\/2016\/03\/30\/question-a-propos-des-dotations-pour-les-hauts-lieux-de-memoire-situes-sur-les-communes-rurales\/","title":{"rendered":"Question \u00e0 propos des dotations pour les Hauts Lieux de M\u00e9moire situ\u00e9s sur les communes rurales"},"content":{"rendered":"<div class=\"text_exposed_show\">\n<table style=\"border-collapse: separate; border-color: #000000;\">\n<tbody>\n<tr>\n<td>\n<p style=\"text-align: justify;\"><img loading=\"lazy\" class=\"alignleft wp-image-45 \" src=\"http:\/\/alain-houpert.fr\/site\/wp-content\/uploads\/2016\/03\/logo_questions-300x300.jpg\" alt=\"\" width=\"150\" height=\"150\" \/><strong>Question n\u00b0<\/strong><strong>20917<\/strong><strong>\u00a0adress\u00e9e \u00e0 M. le\u00a0<\/strong><strong>ministre de la d\u00e9fense, charg\u00e9 des anciens combattants et de la m\u00e9moire<\/strong><\/p>\n<div class=\"text_exposed_show\">\n<div class=\"text_exposed_show\">\n<p><strong>\u00c0 publier le&#160;: 31\/03\/2016<\/strong><\/p>\n<p>Texte de la question&#160;:<\/p>\n<p>&nbsp;<\/p>\n<\/div>\n<\/div>\n<div class=\"text_exposed_show\">\n<p style=\"text-align: justify;\">M. Alain Houpert attire l&rsquo;attention de M. le secr\u00e9taire d&rsquo;\u00c9tat, aupr\u00e8s du ministre de la d\u00e9fense, charg\u00e9 des anciens combattants et de la m\u00e9moire sur l&rsquo;attention port\u00e9e aux c\u00e9r\u00e9monies pour nos lieux de m\u00e9moire.<\/p>\n<\/div>\n<\/td>\n<\/tr>\n<\/tbody>\n<\/table>\n<p style=\"text-align: justify;\"><!--more--><\/p>\n<\/div>\n<table style=\"border-color: #000000;\">\n<tbody>\n<tr>\n<td style=\"text-align: justify;\">Face au manque de ressources, certaines communes rurales, hauts lieux de m\u00e9moire, ont de plus en plus de difficult\u00e9s \u00e0 faire face au co\u00fbt d&rsquo;organisation des c\u00e9r\u00e9monies annuelles du souvenir. La commune de Nod-sur-Seine en C\u00f4te-d&rsquo;Or, par exemple, c\u00e9l\u00e8bre chaque ann\u00e9e la jonction de la 2e division blind\u00e9e (2e DB) et de la 1\u00e8re Division Fran\u00e7aise Libre (DFL) pour un co\u00fbt de 10 000 euros en moyenne. Pour cette commune de 239 habitants sans ressources particuli\u00e8res, c&rsquo;est un budget tr\u00e8s lourd. C&rsquo;est pourquoi il lui demande quelles mesures il envisage de prendre pour aider les communes rurales afin qu&rsquo;elles puissent faire perdurer ces manifestations, la m\u00e9moire \u00e9tant le premier rempart contre la guerre.<\/td>\n<\/tr>\n<\/tbody>\n<\/table>\n\n<div class=\"twitter-share\"><a href=\"https:\/\/twitter.com\/intent\/tweet?via=alainhoupert\" class=\"twitter-share-button\">Tweet<\/a><\/div>\n","protected":false},"excerpt":{"rendered":"<p>Question n\u00b020917\u00a0adress\u00e9e \u00e0 M. le\u00a0ministre de la d\u00e9fense, charg\u00e9 des anciens combattants et de la m\u00e9moire \u00c0 publier le&#160;: 31\/03\/2016 Texte de la question&#160;: &nbsp; &hellip; <\/p>\n","protected":false},"author":2,"featured_media":0,"comment_status":"open","ping_status":"open","sticky":false,"template":"","format":"standard","meta":[],"categories":[11,15,6,7],"tags":[],"_links":{"self":[{"href":"https:\/\/alain-houpert.fr\/site\/index.php\/wp-json\/wp\/v2\/posts\/312"}],"collection":[{"href":"https:\/\/alain-houpert.fr\/site\/index.php\/wp-json\/wp\/v2\/posts"}],"about":[{"href":"https:\/\/alain-houpert.fr\/site\/index.php\/wp-json\/wp\/v2\/types\/post"}],"author":[{"embeddable":true,"href":"https:\/\/alain-houpert.fr\/site\/index.php\/wp-json\/wp\/v2\/users\/2"}],"replies":[{"embeddable":true,"href":"https:\/\/alain-houpert.fr\/site\/index.php\/wp-json\/wp\/v2\/comments?post=312"}],"version-history":[{"count":3,"href":"https:\/\/alain-houpert.fr\/site\/index.php\/wp-json\/wp\/v2\/posts\/312\/revisions"}],"predecessor-version":[{"id":315,"href":"https:\/\/alain-houpert.fr\/site\/index.php\/wp-json\/wp\/v2\/posts\/312\/revisions\/315"}],"wp:attachment":[{"href":"https:\/\/alain-houpert.fr\/site\/index.php\/wp-json\/wp\/v2\/media?parent=312"}],"wp:term":[{"taxonomy":"category","embeddable":true,"href":"https:\/\/alain-houpert.fr\/site\/index.php\/wp-json\/wp\/v2\/categories?post=312"},{"taxonomy":"post_tag","embeddable":true,"href":"https:\/\/alain-houpert.fr\/site\/index.php\/wp-json\/wp\/v2\/tags?post=312"}],"curies":[{"name":"wp","href":"https:\/\/api.w.org\/{rel}","templated":true}]}}