{"id":27,"date":"2016-03-03T11:10:29","date_gmt":"2016-03-03T10:10:29","guid":{"rendered":"http:\/\/alain-houpert.fr\/site\/?p=27"},"modified":"2016-03-07T15:22:35","modified_gmt":"2016-03-07T14:22:35","slug":"question-a-propos-de-la-protection-des-temoins","status":"publish","type":"post","link":"https:\/\/alain-houpert.fr\/site\/index.php\/2016\/03\/03\/question-a-propos-de-la-protection-des-temoins\/","title":{"rendered":"Question \u00e0 propos de la protection des t\u00e9moins"},"content":{"rendered":"<div class=\"text_exposed_show\">\n<table style=\"border-collapse: separate; border-color: #000000;\">\n<tbody>\n<tr>\n<td><img loading=\"lazy\" class=\"alignleft wp-image-45 \" src=\"http:\/\/alain-houpert.fr\/site\/wp-content\/uploads\/2016\/03\/logo_questions-300x300.jpg\" alt=\"\" width=\"150\" height=\"150\" \/><strong>Question n\u00b0 20261 adress\u00e9e \u00e0 M. le ministre de l&rsquo;int\u00e9rieur<\/strong><\/p>\n<div class=\"text_exposed_show\">\n<p><strong>\u00c0 publier le&#160;: 25\/02\/2016<\/strong><\/p>\n<p>Texte de la question&#160;:<\/p>\n<p>M. Alain Houpert attire l&rsquo;attention de M. le ministre de l&rsquo;int\u00e9rieur sur le t\u00e9moignage qui a permis \u00e0 la police de localiser les terroristes \u00e0 Saint-Denis quelques jours apr\u00e8s les attentats de novembre 2015 \u00e0 Paris.<\/p>\n<\/div>\n<\/td>\n<\/tr>\n<\/tbody>\n<\/table>\n<p style=\"text-align: justify;\"><!--more--><\/p>\n<\/div>\n<table style=\"border-color: #000000;\">\n<tbody>\n<tr>\n<td style=\"text-align: justify;\">Il a mis en lumi\u00e8re le vide juridique sur la protection des t\u00e9moins en France, alors que les repentis b\u00e9n\u00e9ficient d&rsquo;un statut tr\u00e8s encadr\u00e9 par la loi. Il lui demande en cons\u00e9quence si la question de la protection des t\u00e9moins sera bien pr\u00e9sente dans le projet de loi renfor\u00e7ant la lutte contre le terrorisme et il lui rappelle que le v\u00e9ritable nom de ce t\u00e9moin appara\u00eet dans toute la proc\u00e9dure \u00e0 laquelle ont acc\u00e8s l&rsquo;ensemble des parties civiles, les mis en examen ainsi que certains m\u00e9dias, mettant sa s\u00e9curit\u00e9 en grand p\u00e9ril.<\/td>\n<\/tr>\n<\/tbody>\n<\/table>\n\n<div class=\"twitter-share\"><a href=\"https:\/\/twitter.com\/intent\/tweet?via=alainhoupert\" class=\"twitter-share-button\">Tweet<\/a><\/div>\n","protected":false},"excerpt":{"rendered":"<p>Question n\u00b0 20261 adress\u00e9e \u00e0 M. le ministre de l&rsquo;int\u00e9rieur \u00c0 publier le&#160;: 25\/02\/2016 Texte de la question&#160;: M. Alain Houpert attire l&rsquo;attention de M. &hellip; <\/p>\n","protected":false},"author":2,"featured_media":0,"comment_status":"open","ping_status":"open","sticky":false,"template":"","format":"standard","meta":[],"categories":[6,7],"tags":[],"_links":{"self":[{"href":"https:\/\/alain-houpert.fr\/site\/index.php\/wp-json\/wp\/v2\/posts\/27"}],"collection":[{"href":"https:\/\/alain-houpert.fr\/site\/index.php\/wp-json\/wp\/v2\/posts"}],"about":[{"href":"https:\/\/alain-houpert.fr\/site\/index.php\/wp-json\/wp\/v2\/types\/post"}],"author":[{"embeddable":true,"href":"https:\/\/alain-houpert.fr\/site\/index.php\/wp-json\/wp\/v2\/users\/2"}],"replies":[{"embeddable":true,"href":"https:\/\/alain-houpert.fr\/site\/index.php\/wp-json\/wp\/v2\/comments?post=27"}],"version-history":[{"count":9,"href":"https:\/\/alain-houpert.fr\/site\/index.php\/wp-json\/wp\/v2\/posts\/27\/revisions"}],"predecessor-version":[{"id":259,"href":"https:\/\/alain-houpert.fr\/site\/index.php\/wp-json\/wp\/v2\/posts\/27\/revisions\/259"}],"wp:attachment":[{"href":"https:\/\/alain-houpert.fr\/site\/index.php\/wp-json\/wp\/v2\/media?parent=27"}],"wp:term":[{"taxonomy":"category","embeddable":true,"href":"https:\/\/alain-houpert.fr\/site\/index.php\/wp-json\/wp\/v2\/categories?post=27"},{"taxonomy":"post_tag","embeddable":true,"href":"https:\/\/alain-houpert.fr\/site\/index.php\/wp-json\/wp\/v2\/tags?post=27"}],"curies":[{"name":"wp","href":"https:\/\/api.w.org\/{rel}","templated":true}]}}