{"id":1480,"date":"2025-04-30T14:25:34","date_gmt":"2025-04-30T13:25:34","guid":{"rendered":"http:\/\/alain-houpert.fr\/site\/?p=1480"},"modified":"2025-05-20T14:37:43","modified_gmt":"2025-05-20T13:37:43","slug":"alexandre-jardin-et-alain-houpert-zfe-ca-va-mal-finir-sauf-si-valeurs-actuelles-du-30-04-2025","status":"publish","type":"post","link":"https:\/\/alain-houpert.fr\/site\/index.php\/2025\/04\/30\/alexandre-jardin-et-alain-houpert-zfe-ca-va-mal-finir-sauf-si-valeurs-actuelles-du-30-04-2025\/","title":{"rendered":"Alexandre Jardin et Alain Houpert&#160;: ZFE, \u00e7a va mal finir, sauf si\u2026 (Valeurs Actuelles du 30\/04\/2025)"},"content":{"rendered":"<p style=\"font-weight: 400;\">Ah \u00e7a ira, \u00e7a ira\u2026 jusqu\u2019o\u00f9&#160;? Monsieur Macron avait promis d\u2019\u00eatre fid\u00e8le \u00e0 la soci\u00e9t\u00e9 civile en marche, mais il y a manqu\u00e9. Il flotte dans notre pays \u00e0 vif, sinon un petit air de r\u00e9volution, la symphonie d\u2019un ras-le-bol. Le ras-le-bol int\u00e9gral de la culture du m\u00e9pris qui suinte de l\u2019\u00e9tatisme triomphant. M\u00e9pris effarant d\u2019un petit peuple lass\u00e9 d\u2019assister au path\u00e9tique spectacle du d\u00e9classement de son pays et du d\u00e9clin de sa nation. M\u00e9pris d\u2019une administration jacobine d\u00e9connect\u00e9e qui transforme les citoyens qu\u2019elle doit servir en suspects qu\u2019elle entend poursuivre. Et si, par un heureux hasard de circonstances, un citoyen ne se trouve pas en dehors du cadre punitif, la technocratie normophile se charge de lui inventer une nouvelle obligation, une nouvelle r\u00e8gle in\u00e9dite comme si elle se rel\u00e9gitimait en fabriquant des coupables \u00e0 l\u2019infini.<br \/>\nS\u2019engager en politique, c\u2019est avoir le d\u00e9sir visc\u00e9ral de r\u00e9gler les probl\u00e8mes, pas d\u2019en inventer \u2014 comme si les citoyens en manquaient&#160;! C\u2019est avoir la fi\u00e8vre de proposer \u00e0 ses concitoyens de r\u00eaver ensemble, d\u2019avancer ensemble, de construire ensemble. C\u2019est l\u2019essence m\u00eame de la nation. Or, \u00e0 quoi assiste-t-on&#160;? \u00c0 une normalisation de la vie de chacun, ne tenant plus compte des singularit\u00e9s, des aspirations, des envies l\u00e9gitimes d\u2019\u00e9panouissement. Les petits hommes en gris qui savent pensent pour vous, r\u00e9glementent pour vous&#160;! Jadis, la bourgeoisie avait formul\u00e9 cette cat\u00e9gorie de gens&#160;: les gueux, instaurant une r\u00e8gle nouvelle, n\u2019h\u00e9sitant pas \u00e0 utiliser ce peuple pour fomenter une r\u00e9volte qui conduisit \u00e0 la d\u00e9capitation d\u2019un roi lorsque ce dernier envisagea d\u2019instaurer plus d\u2019\u00e9quit\u00e9.<br \/>\nTous \u00e9gaux&#160;? \u00c9tait la promesse de la R\u00e9publique. Les ZFE ont instaur\u00e9 une rupture d\u2019\u00e9galit\u00e9 b\u00e9nie par la loi, bient\u00f4t impos\u00e9e par la police. Tous \u00e9gaux, oui, mais pas tous similaires.<br \/>\nLa bourgeoisie \u00e9conomique n\u2019a pas disparu, mais m\u00eame elle s\u2019est fait surpasser dans son ambition de pouvoir par une cat\u00e9gorie bien plus n\u00e9buleuse&#160;: l\u2019administration dominatrice, hors-sol, poss\u00e9d\u00e9e par ses propres ambitions et valeurs qui ne sont plus celles du peuple.<br \/>\nL\u2019administration cens\u00e9e appliquer le choix politique \u2014 c\u2019est-\u00e0-dire issu de la volont\u00e9 du peuple \u2014 se comporte d\u00e8s lors comme une autorit\u00e9 au service d\u2019un seul homme, n\u2019h\u00e9sitant pas \u00e0 ignorer le seul repr\u00e9sentant de la nation&#160;: le parlementaire. Nous ne sommes plus ni entendus, ni respect\u00e9s, et notre faute \u00e0 certains est aussi grande&#160;: \u00e0 vouloir plaire aux \u00e9lites, nous en avons oubli\u00e9 le sens m\u00eame de la repr\u00e9sentation nationale&#160;: nous ne sommes QUE des \u00e9lus de la nation, par la nation, pour la nation.<br \/>\nIl suffit de sillonner nos d\u00e9partements pour constater qu\u2019un combat permanent, pugnace, se m\u00e8ne entre les maires et les habitants face \u00e0 la norme. La norme, cet intouchable concept qui entend rendre les citoyens identiques plut\u00f4t que de les rendre \u00e9gaux. Le citoyen est aujourd\u2019hui un coupable qui s\u2019ignore (mais que l\u2019administration, elle, n\u2019ignore pas), d\u00e9poss\u00e9d\u00e9 de sa vie, continuant de travailler, toujours plus, d\u2019investir, toujours plus, par peur du d\u00e9classement qu\u2019on lui exhibe comme une gousse d\u2019ail \u00e0 un vampire.<br \/>\nUn citoyen est aujourd\u2019hui un individu m\u00e9pris\u00e9 qu\u2019on observe par drone pour v\u00e9rifier qu\u2019il ne plante pas un arbre sans une autorisation de l\u2019administration, un individu qui doit perdre un morceau de sa vie \u00e0 \u00ab&#160;surfer&#160;\u00bb dans une multitude de sites officiels, pour une carte d\u2019identit\u00e9, une carte grise, un passeport, consulter ses imp\u00f4ts, son URSSAF, sa s\u00e9cu&#8230; plong\u00e9 dans la d\u00e9mat\u00e9rialisation cens\u00e9e \u00ab&#160;faciliter les d\u00e9marches&#160;\u00bb mais qui ne fait que faciliter la t\u00e2che de l\u2019administration, une administration qui, apr\u00e8s s\u2019\u00eatre d\u00e9barrass\u00e9e du citoyen, s\u2019affranchit aujourd\u2019hui du politique, au nom de la continuit\u00e9. La continuit\u00e9 du service public, principe de valeur constitutionnelle (d\u00e9cision 79-105 DC du Conseil constitutionnel du 25 juillet 1979), qui repose sur la n\u00e9cessit\u00e9 de r\u00e9pondre aux besoins d\u2019int\u00e9r\u00eat g\u00e9n\u00e9ral sans interruption.<br \/>\nMais qu\u2019est devenu l\u2019int\u00e9r\u00eat g\u00e9n\u00e9ral&#160;? L\u2019int\u00e9r\u00eat des \u00e9lites qui veulent se prot\u00e9ger des pauvres dans des ZFE \u00e9tanches, des dirigeants au d\u00e9triment de ceux qui font l\u2019int\u00e9r\u00eat g\u00e9n\u00e9ral. \u00c0 l\u2019Office national des for\u00eats, on supprime les techniciens des for\u00eats. \u00c0 l\u2019h\u00f4pital, au nom de la rentabilit\u00e9, on emploie des cadres administratifs pour r\u00e9duire le nombre de soignants. Dans les services pr\u00e9fectoraux, des imp\u00f4ts, de la s\u00e9curit\u00e9 sociale&#8230; dans tout ce qui est n\u00e9cessaire, mais surtout obligatoire \u00e0 chaque citoyen, la bureaucratie s\u2019engorge. Les agents de proximit\u00e9 s\u2019\u00e9vaporent et, chaque fois, c\u2019est au citoyen de s\u2019adapter, de consacrer du temps de sa vie \u00e0 pallier la d\u00e9faillance de l\u2019\u00c9tat, pour quoi&#160;? Pour r\u00e9pondre \u00e0 la norme reine, la loi punitive, la r\u00e9glementation tatillonne. Et quand, avec peine, il parvient \u00e0 r\u00e9pondre \u00e0 ces exigences, la technocratie cr\u00e9e de nouvelles contraintes.<br \/>\nCe ras-le-bol, c\u2019est celui de citoyens qui se sentent harcel\u00e9s au quotidien par une gouvernance qui, derri\u00e8re ces injonctions multiples et r\u00e9p\u00e9t\u00e9es, \u00e9touffe le quotidien et abat les aspirations de libert\u00e9. Et le risque d\u00e9mocratique est grand. Dans les communes, les maires renoncent de plus en plus \u00e0 assurer leur fonction face \u00e0 une r\u00e9glementation de plus en plus dingo, \u00e0 un code rural pass\u00e9 de 750 \u00e0 3 650 pages en 20 ans. D\u2019une r\u00e9glementation qui devrait fixer les interdits, nous sommes pass\u00e9s \u00e0 une r\u00e9glementation qui d\u00e9finit ce qui est autoris\u00e9, si bien que plus personne, aujourd\u2019hui, n\u2019est certain de ne pas \u00eatre dans l\u2019ill\u00e9galit\u00e9.<br \/>\nMonsieur Macron avait aussi promis de r\u00e9duire le nombre de lois, mais il y a aussi manqu\u00e9. Il y a manqu\u00e9 parce que depuis huit ans, la Bastille de la Monarchie s\u2019appelle Bercy. Parce que depuis huit ans, le citoyen fran\u00e7ais doit \u00eatre le serf de la R\u00e9publique, de la croissance, de l\u2019id\u00e9ologie d\u2019un homme pass\u00e9 des \u00e9coles priv\u00e9es aux bureaux de Rothschild, qui n\u2019a jamais foul\u00e9 le sol de France sans chauffeur, garde du corps et un public choisi, et qui ne conna\u00eet pas le pays, ne conna\u00eet pas les Fran\u00e7ais et ne peut donc pas avoir conscience de ce qu\u2019est l\u2019esprit de nation. Ni la fiert\u00e9 de son pays et de son terroir. Emmanuel Macron n\u2019a pas de terroir, il n\u2019a que des id\u00e9es. Emmanuel Macron n\u2019a pas de patrie, il n\u2019a que des r\u00eaves europ\u00e9anis\u00e9s. C\u2019est un Pr\u00e9sident \u00e9lu d\u2019un pays qu\u2019il n\u2019aime pas, qu\u2019il cherche \u00e0 effacer sur le plan international et qu\u2019il m\u00e9prise sur le plan national sans m\u00eame le savoir, \u00e0 dissoudre dans une Europe oligarchique o\u00f9 des milliardaires et des nationalistes la repr\u00e9sentent aux c\u00f4t\u00e9s de Donald Trump, dont le seul r\u00eave est de terrasser le peu de force qu\u2019il reste \u00e0 l\u2019Europe.<br \/>\nJamais, depuis la derni\u00e8re guerre mondiale, les Fran\u00e7aises et les Fran\u00e7ais n\u2019ont \u00e9t\u00e9 autant humili\u00e9s. Et en premier lieu par ceux qui ont mandat de les repr\u00e9senter et de d\u00e9fendre leur honneur&#160;: les d\u00e9put\u00e9s. Entre le populisme des nationalistes, l&rsquo;ochlocratie de l\u2019extr\u00eame gauche, la ploutocratie du centre, il n\u2019y a qu\u2019un point sur lequel ils se retrouvent&#160;: la volont\u00e9 d\u2019instrumentaliser le citoyen pour en faire l&rsquo;accessoire de leur ambition, de leur r\u00eave de gloire et d\u2019un pays qu\u2019ils \u00e9laborent dans des \u00ab&#160;brainstorming&#160;\u00bb feutr\u00e9s, qui n\u2019a jamais exist\u00e9, n\u2019existe pas et n\u2019existera jamais.<br \/>\nLa d\u00e9connexion est d\u00e9sormais \u00e9lue, institu\u00e9e, prot\u00e9g\u00e9e.<br \/>\nUn grand homme, \u00e9crivait Andr\u00e9 Gide, n\u2019a qu\u2019un souci&#160;: devenir le plus humain possible, disons mieux&#160;: devenir banal. L\u2019embl\u00e8me de notre pays est le coq. Coluche a dit un jour&#160;: \u00ab&#160;Savez-vous pourquoi les Fran\u00e7ais ont pris le coq pour embl\u00e8me&#160;? C\u2019est parce que c\u2019est le seul oiseau qui arrive \u00e0 chanter les pieds dans la merde.&#160;\u00bb Depuis huit ans, les Fran\u00e7ais d\u00e9chantent, parce que lorsqu\u2019ils se sont fait entendre, par les Gilets jaunes, les millions de manifestants dans la rue, chaque fois, le pouvoir les a fait taire&#160;: par la violence, la stigmatisation.<br \/>\nFace aux insultes, face au m\u00e9pris de classe, face aux ministres responsables mais pas coupables, face aux parlementaires ignor\u00e9s du pouvoir, voire m\u00e9pris\u00e9s parce qu\u2019ils n\u2019ont que jou\u00e9 leur r\u00f4le de contr\u00f4le de la R\u00e9publique, la France est aujourd\u2019hui au bord de quelque chose.<br \/>\nLes Fran\u00e7ais en ont marre.<br \/>\nLes Fran\u00e7ais en ont marre de faire face \u00e0 des crises qui n\u2019en sont pas. La crise n\u2019est cr\u00e9\u00e9e par personne. La dette est cr\u00e9\u00e9e par quelqu\u2019un. Covid, confinements, dette, quoi qu\u2019il en co\u00fbte, p\u00e9nuries, les coupables sont identifi\u00e9s, mais plut\u00f4t que d\u2019\u00eatre confront\u00e9s \u00e0 leurs incapacit\u00e9s, ils sont \u00e9parpill\u00e9s dans des institutions, des comit\u00e9s directeurs, des organes qui s\u2019imposent comme des alternatives au peuple, qui prennent le pouvoir sur la d\u00e9mocratie et sont d\u00e9cor\u00e9s de la L\u00e9gion d\u2019honneur, qui, \u00e0 ce niveau d\u2019ind\u00e9cence, finira par \u00eatre inscrite au casier judiciaire.<br \/>\nLe peuple ne dit encore rien. Que veut-il&#160;? D\u00e9cider lui-m\u00eame, parler lui-m\u00eame, qu\u2019on lui accorde le plus large droit d\u2019initiative r\u00e9f\u00e9rendaire populaire, qu\u2019on lui donne le droit de compl\u00e9ter la d\u00e9mocratie repr\u00e9sentative, qui le repr\u00e9sente si mal, par de la d\u00e9mocratie directe. Non filtr\u00e9e par les institutions de la d\u00e9connexion, de la caste dirigeante. \u00c0 la Suisse, grande d\u00e9mocratie exemplaire infiniment moins d\u00e9connect\u00e9e que la n\u00f4tre.<br \/>\nLes parlementaires ne disent encore rien. Que veulent-ils&#160;? Pouvoir accro\u00eetre leur puissance l\u00e9gitime face \u00e0 l\u2019administration en d\u00e9clenchant des r\u00e9f\u00e9rendums mobilisant la voix forte des citoyens. Ils savent mieux que personne combien, sans le secours direct du peuple, les Bastilles administratives ne tomberont plus. Elles sont b\u00e9tonn\u00e9es, ferm\u00e9es de l\u2019int\u00e9rieur. Attaquons-les en d\u00e9mocrates authentiques.<br \/>\nL\u2019histoire de France nous a montr\u00e9 que notre nation n\u2019a jamais renonc\u00e9. Que si les r\u00e9gimes passent, notre grande nation demeure. La France n\u2019est pas dans les h\u00e9micycles. Notre d\u00e9mocratie est dans nos villes et nos campagnes. C\u2019est l\u00e0 qu\u2019elle doit se ressourcer. Et reprendre l\u2019initiative r\u00e9publicaine.<br \/>\n<strong>Vive le r\u00e9f\u00e9rendum d\u2019initiative citoyenne ou parlementaire&#160;!<\/strong><\/p>\n<p style=\"font-weight: 400;\">Avec&#160;:<br \/>\n<strong>S\u00e9nat&#160;:<\/strong><br \/>\nSylviane No\u00ebl, Sylvie Goy-Chavent, Laurence Muller-Bron, Christine Bonfanti-Dossat, S\u00e9bastien Meurant, Daniel Laurent<br \/>\n<strong>Assembl\u00e9e nationale&#160;:<\/strong><br \/>\nMarc Chavent, Anne-Laure Blin, \u00c9ric Michoux<\/p>\n\n<div class=\"twitter-share\"><a href=\"https:\/\/twitter.com\/intent\/tweet?via=alainhoupert\" class=\"twitter-share-button\">Tweet<\/a><\/div>\n","protected":false},"excerpt":{"rendered":"<p>Alexandre Jardin et Alain Houpert : ZFE, \u00e7a va mal finir, sauf si\u2026<br \/>\nTRIBUNE. Le romancier Alexandre Jardin et le s\u00e9nateur Les R\u00e9publicains de la C\u00f4te-d&rsquo;Or Alain Houpert alertent \u00e0 propos de la \u00ab rupture d&rsquo;\u00e9galit\u00e9 \u00bb que constitue l&rsquo;instauration des ZFE (Zones \u00e0 faibles \u00e9missions). Un catalyseur des col\u00e8res fran\u00e7aises.<\/p>\n","protected":false},"author":2,"featured_media":0,"comment_status":"open","ping_status":"open","sticky":false,"template":"","format":"standard","meta":[],"categories":[9],"tags":[],"_links":{"self":[{"href":"https:\/\/alain-houpert.fr\/site\/index.php\/wp-json\/wp\/v2\/posts\/1480"}],"collection":[{"href":"https:\/\/alain-houpert.fr\/site\/index.php\/wp-json\/wp\/v2\/posts"}],"about":[{"href":"https:\/\/alain-houpert.fr\/site\/index.php\/wp-json\/wp\/v2\/types\/post"}],"author":[{"embeddable":true,"href":"https:\/\/alain-houpert.fr\/site\/index.php\/wp-json\/wp\/v2\/users\/2"}],"replies":[{"embeddable":true,"href":"https:\/\/alain-houpert.fr\/site\/index.php\/wp-json\/wp\/v2\/comments?post=1480"}],"version-history":[{"count":1,"href":"https:\/\/alain-houpert.fr\/site\/index.php\/wp-json\/wp\/v2\/posts\/1480\/revisions"}],"predecessor-version":[{"id":1481,"href":"https:\/\/alain-houpert.fr\/site\/index.php\/wp-json\/wp\/v2\/posts\/1480\/revisions\/1481"}],"wp:attachment":[{"href":"https:\/\/alain-houpert.fr\/site\/index.php\/wp-json\/wp\/v2\/media?parent=1480"}],"wp:term":[{"taxonomy":"category","embeddable":true,"href":"https:\/\/alain-houpert.fr\/site\/index.php\/wp-json\/wp\/v2\/categories?post=1480"},{"taxonomy":"post_tag","embeddable":true,"href":"https:\/\/alain-houpert.fr\/site\/index.php\/wp-json\/wp\/v2\/tags?post=1480"}],"curies":[{"name":"wp","href":"https:\/\/api.w.org\/{rel}","templated":true}]}}