{"id":1476,"date":"2025-05-19T08:13:46","date_gmt":"2025-05-19T07:13:46","guid":{"rendered":"http:\/\/alain-houpert.fr\/site\/?p=1476"},"modified":"2025-05-20T14:17:21","modified_gmt":"2025-05-20T13:17:21","slug":"suppression-du-transfert-obligatoire-des-competences-eau-et-assainissement-et-maintenant","status":"publish","type":"post","link":"https:\/\/alain-houpert.fr\/site\/index.php\/2025\/05\/19\/suppression-du-transfert-obligatoire-des-competences-eau-et-assainissement-et-maintenant\/","title":{"rendered":"SUPPRESSION DU TRANSFERT OBLIGATOIRE DES COMP\u00c9TENCES EAU ET ASSAINISSEMENT&#160;: ET MAINTENANT&#160;?"},"content":{"rendered":"<p style=\"font-weight: 400;\">La loi n\u00b02025-327 du 11 avril 2025 <em>visant \u00e0 assouplir la gestion des comp\u00e9tences \u00ab&#160;eau&#160;\u00bb et \u00ab&#160;assainissement&#160;\u00bb<\/em> va <strong><u>permettre aux communes qui n\u2019ont pas encore transf\u00e9r\u00e9 ces comp\u00e9tences aux communaut\u00e9s de communes de les conserver.<\/u><\/strong><\/p>\n<p style=\"font-weight: 400;\">Concr\u00e8tement, <strong>dans les communaut\u00e9s de communes o\u00f9 le transfert n\u2019a pas encore \u00e9t\u00e9 effectu\u00e9<\/strong> par toutes les communes \u00e0 la date de promulgation du texte, le 11 avril 2025, les comp\u00e9tences \u00ab&#160;eau&#160;\u00bb et \u00ab&#160;assainissement&#160;\u00bb cessent d\u2019\u00eatre des comp\u00e9tences obligatoires de la communaut\u00e9 de communes, et deviennent des comp\u00e9tences facultatives. <strong>Les communes peuvent garder les comp\u00e9tences<\/strong>.<\/p>\n<p style=\"font-weight: 400;\"><em><u>Question&#160;: Une commune doit-elle d\u00e9lib\u00e9rer pour conserver ces deux comp\u00e9tences&#160;?<\/u><\/em><\/p>\n<p><strong>Non. La conservation de ces comp\u00e9tences est de droit car elles sont facultatives&#160;: la loi n\u2019impose plus de transfert.<\/strong><em><u>\u00a0<\/u><\/em><\/p>\n<p style=\"font-weight: 400;\"><em><u>Question&#160;: Dans quel cas une commune peut-elle se voir imposer un transfert de ces deux comp\u00e9tences&#160;?<\/u><\/em><\/p>\n<p style=\"font-weight: 400;\">Il n\u2019y a qu\u2019<strong>un seul moyen <\/strong>pour qu\u2019une commune se fasse imposer ce transfert de comp\u00e9tences&#160;: <strong>que la communaut\u00e9 de communes utilise la proc\u00e9dure de droit commun de transfert de comp\u00e9tences facultatives <\/strong>pr\u00e9vue \u00e0 l\u2019article L. 5211-17 du code g\u00e9n\u00e9ral des collectivit\u00e9s territoriales.<\/p>\n<p style=\"font-weight: 400;\"><em><u>Question&#160;: Comment une communaut\u00e9 de communes peut-elle imposer le transfert de ces comp\u00e9tences&#160;?<\/u><\/em><\/p>\n<p style=\"font-weight: 400;\">Ce transfert de comp\u00e9tences via la proc\u00e9dure facultative (pr\u00e9vue \u00e0 l\u2019article L. 5211-17) utilise la m\u00eame proc\u00e9dure que celle li\u00e9e \u00e0 la constitution de l\u2019EPCI pr\u00e9vue \u00e0 l\u2019article L. 5211-5. Concr\u00e8tement, pour que le transfert soit effectif, cela n\u00e9cessite l\u2019adoption successive d\u2019une d\u00e9lib\u00e9ration \u00e0 la majorit\u00e9 simple de l\u2019organe d\u00e9lib\u00e9rant de l\u2019EPCI et de d\u00e9lib\u00e9rations favorables des conseils municipaux de deux tiers des communes membres repr\u00e9sentant la moiti\u00e9 de la population, ou de la moiti\u00e9 des communes membres repr\u00e9sentant les deux tiers de la population. Cette majorit\u00e9 des communes doit, en outre, comprendre la commune dont la population est la plus nombreuse, lorsque celle-ci est sup\u00e9rieure au quart de la population totale concern\u00e9e. Les communes ne d\u00e9lib\u00e9rant pas dans les trois mois de la notification de la d\u00e9cision de l\u2019organe d\u00e9lib\u00e9rant de l\u2019EPCI sont r\u00e9put\u00e9es donner des avis favorables.<\/p>\n<p style=\"font-weight: 400;\"><em><u>\u00a0<\/u><\/em><em><u>Question&#160;: quelles sont les alternatives \u00e0 un transfert global de comp\u00e9tences \u00e0 l\u2019intercommunalit\u00e9&#160;?<\/u><\/em><\/p>\n<ol>\n<li><strong>Pour les communes qui n\u2019ont pas encore transf\u00e9r\u00e9 leurs comp\u00e9tences&#160;:<\/strong><\/li>\n<\/ol>\n<p style=\"font-weight: 400;\">A leur initiative, cr\u00e9er ou rejoindre <strong>un syndicat de communes<\/strong> ou un syndicat mixte comp\u00e9tent en mati\u00e8re d\u2019eau potable ou d\u2019assainissement (article L. 5111-6). <em><u>NB&#160;:<\/u><\/em><u> <em>C\u2019est la loi du 11 avril 2025 qui est venue s\u00e9curiser ce type de transfert<\/em>.<\/u><\/p>\n<p style=\"font-weight: 400;\">Le <strong>transfert \u00ab&#160;\u00e0 la carte&#160;\u00bb<\/strong> pour seulement certaines communes d\u2019un \u00e9tablissement public de coop\u00e9ration intercommunale, \u00e0 l\u2019initiative de celui-ci, comme le pr\u00e9voit l\u2019article L. 5211-17-2 du code g\u00e9n\u00e9ral des collectivit\u00e9s territoriales, mais pour cela il faut passer par la m\u00eame proc\u00e9dure de transfert de comp\u00e9tences facultatives, qui n\u00e9cessite de constituer des majorit\u00e9s qualifi\u00e9es.<\/p>\n<ul>\n<li><strong>Par ailleurs ce transfert \u00e0 la carte peut ne concerner que l\u2019une ou l\u2019autre des comp\u00e9tences \u00ab&#160;eau&#160;\u00bb et \u00ab&#160;assainissement&#160;\u00bb,<\/strong> et, s\u2019agissant de l\u2019assainissement, avec de surcro\u00eet la possibilit\u00e9 de ne transf\u00e9rer que la partie \u00ab&#160;assainissement collectif&#160;\u00bb ou \u00ab&#160;assainissement non collectif&#160;\u00bb de la comp\u00e9tence.<\/li>\n<\/ul>\n<p><u>Point d\u2019attention<\/u>&#160;: dans ce cas de figure, \u00ab&#160;<em>l&rsquo;\u00e9tablissement public de coop\u00e9ration intercommunale est substitu\u00e9 de plein droit, \u00e0 la date du transfert de comp\u00e9tences, aux communes qui le composent dans toutes leurs d\u00e9lib\u00e9rations et tous leurs actes<\/em>&#160;\u00bb. Dit autrement, l\u2019ensemble des communes de l\u2019\u00e9tablissement public d\u00e9lib\u00e9reront sur l\u2019exercice de ces comp\u00e9tences, m\u00eame si elles ne sont pas concern\u00e9es.<\/p>\n<ol>\n<li><strong>Pour les communes qui ont d\u00e9j\u00e0 transf\u00e9r\u00e9 leurs comp\u00e9tences&#160;:<\/strong><\/li>\n<\/ol>\n<p style=\"font-weight: 400;\">La d\u00e9l\u00e9gation, par convention, \u00e0 l\u2019initiative de l\u2019\u00e9tablissement public de coop\u00e9ration intercommunale, de \u00ab&#160;tout ou partie&#160;\u00bb des comp\u00e9tences eau, assainissement et eaux pluviales en faveur de l\u2019une des communes membres ou en faveur d\u2019un syndicat de communes.<\/p>\n<p style=\"font-weight: 400;\"><em><u>NB&#160;: Une commune peut demander \u00e0 b\u00e9n\u00e9ficier d\u2019une d\u00e9l\u00e9gation, dans ce cas, la communaut\u00e9 de communes doit d\u00e9lib\u00e9rer dans les 2 mois.<\/u><\/em><\/p>\n<p style=\"font-weight: 400;\"><em>\u00a0<\/em><\/p>\n\n<div class=\"twitter-share\"><a href=\"https:\/\/twitter.com\/intent\/tweet?via=alainhoupert\" class=\"twitter-share-button\">Tweet<\/a><\/div>\n","protected":false},"excerpt":{"rendered":"<p>La loi n\u00b02025-327 du 11 avril 2025 visant \u00e0 assouplir la gestion des comp\u00e9tences \u00abeau\u00bb et \u00abassainissement\u00bb va permettre aux communes qui n\u2019ont pas encore transf\u00e9r\u00e9 ces comp\u00e9tences aux communaut\u00e9s de communes de les conserver.<\/p>\n","protected":false},"author":2,"featured_media":1477,"comment_status":"open","ping_status":"open","sticky":false,"template":"","format":"standard","meta":[],"categories":[78],"tags":[],"_links":{"self":[{"href":"https:\/\/alain-houpert.fr\/site\/index.php\/wp-json\/wp\/v2\/posts\/1476"}],"collection":[{"href":"https:\/\/alain-houpert.fr\/site\/index.php\/wp-json\/wp\/v2\/posts"}],"about":[{"href":"https:\/\/alain-houpert.fr\/site\/index.php\/wp-json\/wp\/v2\/types\/post"}],"author":[{"embeddable":true,"href":"https:\/\/alain-houpert.fr\/site\/index.php\/wp-json\/wp\/v2\/users\/2"}],"replies":[{"embeddable":true,"href":"https:\/\/alain-houpert.fr\/site\/index.php\/wp-json\/wp\/v2\/comments?post=1476"}],"version-history":[{"count":2,"href":"https:\/\/alain-houpert.fr\/site\/index.php\/wp-json\/wp\/v2\/posts\/1476\/revisions"}],"predecessor-version":[{"id":1479,"href":"https:\/\/alain-houpert.fr\/site\/index.php\/wp-json\/wp\/v2\/posts\/1476\/revisions\/1479"}],"wp:featuredmedia":[{"embeddable":true,"href":"https:\/\/alain-houpert.fr\/site\/index.php\/wp-json\/wp\/v2\/media\/1477"}],"wp:attachment":[{"href":"https:\/\/alain-houpert.fr\/site\/index.php\/wp-json\/wp\/v2\/media?parent=1476"}],"wp:term":[{"taxonomy":"category","embeddable":true,"href":"https:\/\/alain-houpert.fr\/site\/index.php\/wp-json\/wp\/v2\/categories?post=1476"},{"taxonomy":"post_tag","embeddable":true,"href":"https:\/\/alain-houpert.fr\/site\/index.php\/wp-json\/wp\/v2\/tags?post=1476"}],"curies":[{"name":"wp","href":"https:\/\/api.w.org\/{rel}","templated":true}]}}