{"id":1474,"date":"2025-05-01T14:11:13","date_gmt":"2025-05-01T13:11:13","guid":{"rendered":"http:\/\/alain-houpert.fr\/site\/?p=1474"},"modified":"2025-05-20T14:38:09","modified_gmt":"2025-05-20T13:38:09","slug":"question-n-04460-adressee-a-mme-la-ministre-de-lagriculture-et-de-la-souverainete-alimentair","status":"publish","type":"post","link":"https:\/\/alain-houpert.fr\/site\/index.php\/2025\/05\/01\/question-n-04460-adressee-a-mme-la-ministre-de-lagriculture-et-de-la-souverainete-alimentair\/","title":{"rendered":"Question n\u00b0 04460 adress\u00e9e \u00e0 Mme la ministre de l&rsquo;agriculture et de la souverainet\u00e9 alimentair"},"content":{"rendered":"<p>Question n\u00b0 04460 adress\u00e9e \u00e0 Mme la ministre de l&rsquo;agriculture et de la souverainet\u00e9 alimentaire<\/p>\n<p>M. Alain Houpert attire l&rsquo;attention de Mme la ministre de l&rsquo;agriculture et de la souverainet\u00e9 alimentaire quant \u00e0 la coupe budg\u00e9taire intervenue sur le dispositif national d&rsquo;accompagnement des projets et des initiatives des coop\u00e9ratives d&rsquo;utilisation de mat\u00e9riel agricole (DiNA) qui soutient, au-del\u00e0 du premier r\u00f4le de partage des machines, le d\u00e9veloppement de projets collectifs des Cuma (coop\u00e9ratives d&rsquo;utilisation de mat\u00e9riel agricole) au service de l&#8217;emploi rural, du renouvellement des g\u00e9n\u00e9rations en agriculture, de la r\u00e9duction des produits phytosanitaires, l&rsquo;adaptation au changement climatique ou de souverainet\u00e9 alimentaire et \u00e9nerg\u00e9tique. Ayant fait l&rsquo;objet d&rsquo;un rapport du Conseil g\u00e9n\u00e9ral de l&rsquo;alimentation, de l&rsquo;agriculture et des espaces ruraux (CGAAER), d&rsquo;une concertation entre le r\u00e9seau Cuma et la Direction g\u00e9n\u00e9rale de la performance \u00e9conomique et environnementale des entreprises (DGPE) en 2022-2023 et d&rsquo;une nouvelle mouture en 2024, ce dispositif est articul\u00e9 avec les enjeux des politiques publiques et permet de d\u00e9multiplier, via les collectifs d&rsquo;agriculteurs, leurs impacts. Cette aide \u00e0 l&rsquo;accompagnement strat\u00e9gique est unique en son genre dans l&rsquo;agriculture. Il est mobilis\u00e9 par plus de 600 Cuma chaque ann\u00e9e au niveau national, impliquant plus de 14 000 agricultrices et agriculteurs. La mise \u00e0 mal du d\u00e9ploiement de ce dispositif alors m\u00eame qu&rsquo;il a \u00e9t\u00e9 r\u00e9cemment refondu avec votre administration, suscite l&rsquo;inqui\u00e9tude et l&rsquo;incompr\u00e9hension de l&rsquo;ensemble du r\u00e9seau Cuma, au vu de l&rsquo;efficience que produit le DiNA, et dans le cadre d&rsquo;une enveloppe qui reste modeste au regard d&rsquo;autres dispositifs de soutien. Alors que l&rsquo;accompagnement des agricultrices et agriculteurs est un sujet central, il souhaite savoir quelle ambition et p\u00e9rennit\u00e9 elle souhaite donner \u00e0 ce dispositif, qui est la seule ligne budg\u00e9taire d\u00e9di\u00e9e aux Cuma.<\/p>\n\n<div class=\"twitter-share\"><a href=\"https:\/\/twitter.com\/intent\/tweet?via=alainhoupert\" class=\"twitter-share-button\">Tweet<\/a><\/div>\n","protected":false},"excerpt":{"rendered":"<p>M. Alain Houpert attire l&rsquo;attention de Mme la ministre de l&rsquo;agriculture et de la souverainet\u00e9 alimentaire quant \u00e0 la coupe budg\u00e9taire intervenue sur le dispositif national d&rsquo;accompagnement des projets et des initiatives des coop\u00e9ratives d&rsquo;utilisation de mat\u00e9riel agricole (DiNA) qui soutient, au-del\u00e0 du premier r\u00f4le de partage des machines, le d\u00e9veloppement de projets collectifs des Cuma (coop\u00e9ratives d&rsquo;utilisation de mat\u00e9riel agricole) au service de l&#8217;emploi rural, du renouvellement des g\u00e9n\u00e9rations en agriculture, de la r\u00e9duction des produits phytosanitaires, l&rsquo;adaptation au changement climatique ou de souverainet\u00e9 alimentaire et \u00e9nerg\u00e9tique<\/p>\n","protected":false},"author":2,"featured_media":1398,"comment_status":"open","ping_status":"open","sticky":false,"template":"","format":"standard","meta":[],"categories":[7],"tags":[],"_links":{"self":[{"href":"https:\/\/alain-houpert.fr\/site\/index.php\/wp-json\/wp\/v2\/posts\/1474"}],"collection":[{"href":"https:\/\/alain-houpert.fr\/site\/index.php\/wp-json\/wp\/v2\/posts"}],"about":[{"href":"https:\/\/alain-houpert.fr\/site\/index.php\/wp-json\/wp\/v2\/types\/post"}],"author":[{"embeddable":true,"href":"https:\/\/alain-houpert.fr\/site\/index.php\/wp-json\/wp\/v2\/users\/2"}],"replies":[{"embeddable":true,"href":"https:\/\/alain-houpert.fr\/site\/index.php\/wp-json\/wp\/v2\/comments?post=1474"}],"version-history":[{"count":1,"href":"https:\/\/alain-houpert.fr\/site\/index.php\/wp-json\/wp\/v2\/posts\/1474\/revisions"}],"predecessor-version":[{"id":1475,"href":"https:\/\/alain-houpert.fr\/site\/index.php\/wp-json\/wp\/v2\/posts\/1474\/revisions\/1475"}],"wp:featuredmedia":[{"embeddable":true,"href":"https:\/\/alain-houpert.fr\/site\/index.php\/wp-json\/wp\/v2\/media\/1398"}],"wp:attachment":[{"href":"https:\/\/alain-houpert.fr\/site\/index.php\/wp-json\/wp\/v2\/media?parent=1474"}],"wp:term":[{"taxonomy":"category","embeddable":true,"href":"https:\/\/alain-houpert.fr\/site\/index.php\/wp-json\/wp\/v2\/categories?post=1474"},{"taxonomy":"post_tag","embeddable":true,"href":"https:\/\/alain-houpert.fr\/site\/index.php\/wp-json\/wp\/v2\/tags?post=1474"}],"curies":[{"name":"wp","href":"https:\/\/api.w.org\/{rel}","templated":true}]}}