{"id":1439,"date":"2024-11-27T18:15:44","date_gmt":"2024-11-27T17:15:44","guid":{"rendered":"http:\/\/alain-houpert.fr\/site\/?p=1439"},"modified":"2024-12-06T08:16:47","modified_gmt":"2024-12-06T07:16:47","slug":"plfss-pour-2025-la-voix-du-senat-a-ete-entendue-deputes-et-senateurs-ont-trouve-un-accord","status":"publish","type":"post","link":"https:\/\/alain-houpert.fr\/site\/index.php\/2024\/11\/27\/plfss-pour-2025-la-voix-du-senat-a-ete-entendue-deputes-et-senateurs-ont-trouve-un-accord\/","title":{"rendered":"PLFSS pour 2025&#160;: La voix du S\u00e9nat a \u00e9t\u00e9 entendue, d\u00e9put\u00e9s et s\u00e9nateurs ont trouv\u00e9 un accord"},"content":{"rendered":"<p style=\"font-weight: 400;\"><strong>Notre groupe, pleinement conscient des d\u00e9fis li\u00e9s \u00e0 la situation budg\u00e9taire de la S\u00e9curit\u00e9 sociale, a agi en responsabilit\u00e9. La CMP s\u2019est finalement largement appuy\u00e9e sur le texte vot\u00e9 par le S\u00e9nat.<\/strong><\/p>\n<p style=\"font-weight: 400;\"><strong>En faveur de l\u2019emploi&#160;: <\/strong>les salaires au niveau du Smic resteront exon\u00e9r\u00e9s de cotisations sociales patronales afin de pr\u00e9server l\u2019emploi.<\/p>\n<p style=\"font-weight: 400;\"><strong>En faveur de la sant\u00e9 publique avec une revalorisation de la fiscalit\u00e9 comportementale&#160;: <\/strong>boissons sucr\u00e9es, boissons \u00e9dulcor\u00e9es et jeux d\u2019argent.<\/p>\n<p style=\"font-weight: 400;\"><strong>En faveur de la responsabilisation des patients\u00a0<\/strong><\/p>\n<ul>\n<li>Dossier m\u00e9dical partag\u00e9&#160;: exiger sa consultation avant certaines prescriptions, en incitant les professionnels de sant\u00e9 en ville et \u00e0 l\u2019h\u00f4pital, \u00e0 consulter et alimenter ce dossier&#160;;<\/li>\n<li>Carte vitale&#160;: acc\u00e9l\u00e9rer sa d\u00e9mat\u00e9rialisation avec le d\u00e9ploiement d\u2019une application d\u00e9di\u00e9e&#160;;<\/li>\n<li>Taxe lapin&#160;: mise en place d\u2019une somme forfaitaire \u00e0 la charge des patients n\u2019honorant pas un rendez-vous avec un professionnel de sant\u00e9.<\/li>\n<\/ul>\n<p style=\"font-weight: 400;\"><strong>En faveur des retrait\u00e9s\u00a0<\/strong><\/p>\n<ul>\n<li>Revalorisation de l\u2019ensemble des pensions de retraite \u00e0 hauteur de la moiti\u00e9 de l\u2019inflation d\u00e8s le 1<sup>er<\/sup> janvier 2025&#160;;<\/li>\n<li>Revalorisation de l\u2019ensemble des retraites inf\u00e9rieures au Smic \u00e0 hauteur de l\u2019inflation pour l\u2019ann\u00e9e 2025.<\/li>\n<\/ul>\n<p style=\"font-weight: 400;\"><strong>En faveur des collectivit\u00e9s territoriales <\/strong><\/p>\n<ul>\n<li>Hausse des cotisations au titre de la\u00a0Caisse nationale de retraite des agents des collectivit\u00e9s locales (CNRACL)&#160;: \u00e9talement sur quatre ans, au lieu de trois, de la hausse des cotisations \u00e0 cette caisse afin de soulager les h\u00f4pitaux et les collectivit\u00e9s territoriales \u00e0 hauteur de 600 millions d\u2019euros en 2025&#160;;<\/li>\n<li>EHPAD&#160;: accorder une aide exceptionnelle \u00e0 hauteur de 100 millions d\u2019euros.<\/li>\n<li>D\u00e9partements&#160;: offrir une meilleure couverture aux d\u00e9partements pour leurs d\u00e9penses d\u2019Allocation Personnalis\u00e9e d\u2019Autonomie (APA) et de Prestation de compensation du handicap (PCH) \u00e0 hauteur de 200 millions d\u2019euros pour 2025.<\/li>\n<\/ul>\n<p style=\"font-weight: 400;\"><strong>En faveur du Grand \u00c2ge&#160;: <\/strong>en contrepartie du retrait de la contribution de solidarit\u00e9 par le travail, le gouvernement s\u2019est engag\u00e9 \u00e0 pr\u00e9senter une loi Grand \u00c2ge dans les plus brefs d\u00e9lais. Nous y serons attentifs.<\/p>\n<p style=\"font-weight: 400;\">\n\n<div class=\"twitter-share\"><a href=\"https:\/\/twitter.com\/intent\/tweet?via=alainhoupert\" class=\"twitter-share-button\">Tweet<\/a><\/div>\n","protected":false},"excerpt":{"rendered":"<p>Notre groupe, pleinement conscient des d\u00e9fis li\u00e9s \u00e0 la situation budg\u00e9taire de la S\u00e9curit\u00e9 sociale, a agi en responsabilit\u00e9. La CMP s\u2019est finalement largement appuy\u00e9e sur le texte vot\u00e9 par le S\u00e9nat.<\/p>\n","protected":false},"author":2,"featured_media":1398,"comment_status":"open","ping_status":"open","sticky":false,"template":"","format":"standard","meta":[],"categories":[79],"tags":[],"_links":{"self":[{"href":"https:\/\/alain-houpert.fr\/site\/index.php\/wp-json\/wp\/v2\/posts\/1439"}],"collection":[{"href":"https:\/\/alain-houpert.fr\/site\/index.php\/wp-json\/wp\/v2\/posts"}],"about":[{"href":"https:\/\/alain-houpert.fr\/site\/index.php\/wp-json\/wp\/v2\/types\/post"}],"author":[{"embeddable":true,"href":"https:\/\/alain-houpert.fr\/site\/index.php\/wp-json\/wp\/v2\/users\/2"}],"replies":[{"embeddable":true,"href":"https:\/\/alain-houpert.fr\/site\/index.php\/wp-json\/wp\/v2\/comments?post=1439"}],"version-history":[{"count":1,"href":"https:\/\/alain-houpert.fr\/site\/index.php\/wp-json\/wp\/v2\/posts\/1439\/revisions"}],"predecessor-version":[{"id":1440,"href":"https:\/\/alain-houpert.fr\/site\/index.php\/wp-json\/wp\/v2\/posts\/1439\/revisions\/1440"}],"wp:featuredmedia":[{"embeddable":true,"href":"https:\/\/alain-houpert.fr\/site\/index.php\/wp-json\/wp\/v2\/media\/1398"}],"wp:attachment":[{"href":"https:\/\/alain-houpert.fr\/site\/index.php\/wp-json\/wp\/v2\/media?parent=1439"}],"wp:term":[{"taxonomy":"category","embeddable":true,"href":"https:\/\/alain-houpert.fr\/site\/index.php\/wp-json\/wp\/v2\/categories?post=1439"},{"taxonomy":"post_tag","embeddable":true,"href":"https:\/\/alain-houpert.fr\/site\/index.php\/wp-json\/wp\/v2\/tags?post=1439"}],"curies":[{"name":"wp","href":"https:\/\/api.w.org\/{rel}","templated":true}]}}