{"id":1397,"date":"2024-02-14T11:04:06","date_gmt":"2024-02-14T10:04:06","guid":{"rendered":"http:\/\/alain-houpert.fr\/site\/?p=1397"},"modified":"2024-02-14T11:04:06","modified_gmt":"2024-02-14T10:04:06","slug":"proposition-de-loi-relative-au-renforcement-de-la-surete-dans-les-transports","status":"publish","type":"post","link":"https:\/\/alain-houpert.fr\/site\/index.php\/2024\/02\/14\/proposition-de-loi-relative-au-renforcement-de-la-surete-dans-les-transports\/","title":{"rendered":"Proposition de loi relative au renforcement de la s\u00fbret\u00e9 dans les transports"},"content":{"rendered":"<header class=\"page-header\">\n<div class=\"container\">\n<div class=\"row gy-3 gy-md-0\">\n<div class=\" col-12  d-flex flex-column\"><\/div>\n<\/div>\n<\/div>\n<\/header>\n<div class=\"page-content\">\n<div class=\"container\">\n<div class=\"row flex-md-row-reverse justify-content-md-between\">\n<div class=\"col-md-4 col-lg-3\">\n<aside class=\"page-aside aside\">\n<div class=\"aside-body\">\n<div class=\"col-md-8\">\n<section id=\"c77289\" class=\"section \">\n<div class=\"clearfix\">\n<p>D\u00e9plorant une <strong>d\u00e9gradation des conditions de s\u00fbret\u00e9 dans les transports<\/strong> et soulignant un risque terroriste pr\u00e9gnant dans le contexte de l\u2019organisation des Jeux olympiques et paralympiques en 2024, les auteurs de la proposition de loi entendent&#160;:<\/p>\n<ul>\n<li><strong>\u00e9tendre les pouvoirs des agents des services internes de s\u00e9curit\u00e9 <\/strong>des op\u00e9rateurs de transports<\/li>\n<li><strong>renforcer le continuum de s\u00e9curit\u00e9 <\/strong>afin d\u2019am\u00e9liorer la s\u00e9curisation des transports&#160;;<\/li>\n<li><strong>s\u00e9curiser l\u2019offre de transport<\/strong> gr\u00e2ce \u00e0 la technologie&#160;;<\/li>\n<li><strong>mieux r\u00e9primer les d\u00e9lits <\/strong>relatifs aux transports<\/li>\n<li><strong>s\u00e9curiser le recrutement et les affectations <\/strong>en lien avec les transports&#160;;<\/li>\n<li><strong>simplifier la proc\u00e9dure de fiabilisation des donn\u00e9es <\/strong>recueillies aupr\u00e8s des contrevenants.<\/li>\n<\/ul>\n<\/div>\n<p><span id=\"c78145\" aria-hidden=\"true\"><\/span><\/p>\n<figure class=\"figure\"><img loading=\"lazy\" src=\"https:\/\/www.senat.fr\/fileadmin\/_processed_\/1\/7\/csm_Statistiques_transports-1_7d228ebcd1.webp\" srcset=\"https:\/\/www.senat.fr\/fileadmin\/_processed_\/1\/7\/csm_Statistiques_transports-1_7d228ebcd1.webp, https:\/\/www.senat.fr\/fileadmin\/_processed_\/1\/7\/csm_Statistiques_transports-1_f8db963c87.webp 2x\" alt=\"\" width=\"768\" height=\"241\" \/><span style=\"font-size: 2rem;\">Les apports du S\u00e9nat<\/span><\/figure>\n<\/section>\n<section id=\"c77291\" class=\"section \">\n<div class=\"clearfix\">\n<p>Le texte adopt\u00e9 par le S\u00e9nat en premi\u00e8re lecture le 13 f\u00e9vrier 2024&#160;:<\/p>\n<ul>\n<li>autorise les agents des services internes de s\u00e9curit\u00e9 de la SNCF et de la RATP \u00e0 r\u00e9aliser des <strong>palpations de s\u00e9curit\u00e9,<\/strong> <strong>en l&rsquo;absence d&rsquo;arr\u00eat\u00e9 pr\u00e9fectoral, <\/strong>\u00a0lorsqu&rsquo;il existe des \u00e9l\u00e9ments objectifs laissant penser qu&rsquo;une personne pourrait d\u00e9tenir des <strong>objets susceptibles de pr\u00e9senter un risque pour la s\u00e9curit\u00e9<\/strong> des voyageurs, et permet \u00e0 ces agents de <strong>retirer<\/strong> <strong>des objets dangereux <\/strong>d\u00e9couverts \u00e0 l&rsquo;occasion de fouilles de bagages ou de palpations pr\u00e9ventives&#160;;<\/li>\n<li>institue un<strong> \u00ab&#160;droit de poursuite&#160;\u00bb au b\u00e9n\u00e9fice des agents de s\u00fbret\u00e9 de la SNCF et de la RATP<\/strong> lorsqu\u2019un contrevenant se rend sur la voie publique apr\u00e8s avoir commis une infraction \u00e0 l\u2019int\u00e9rieur d\u2019une emprise ou d\u2019un v\u00e9hicule&#160;;<\/li>\n<li>cr\u00e9e une<strong> nouvelle interdiction d&rsquo;entr\u00e9e en gare<\/strong>, visant les personnes dont le comportement, aux seuils d\u2019une emprise, trouble l\u2019ordre public et pourrait compromettre la s\u00e9curit\u00e9 des personnes ou la r\u00e9gularit\u00e9 des circulations, ou celles qui refusent une inspection visuelle, la fouille de bagages ou des palpations de s\u00e9curit\u00e9&#160;;<\/li>\n<li>pr\u00e9voit la possibilit\u00e9, pour les exploitants des services de transports, de conclure des <strong>conventions<\/strong> avec les <strong>communes ou les EPCI<\/strong> pour d\u00e9terminer les conditions permettant aux agents de la <strong>police municipale<\/strong> ou aux <strong>gardes champ\u00eatres<\/strong> d\u2019acc\u00e9der <strong>librement<\/strong> aux espaces de transport et aux trains\u00a0sur leurs territoires&#160;;<\/li>\n<li><strong>autorise la pr\u00e9sence d\u2019agents d\u2019Ile-de-France mobilit\u00e9s (IDFM) au sein du centre de coordination op\u00e9rationnel de s\u00e9curit\u00e9 (CCOS)<\/strong>, \u00e0 l\u2019issue de la proc\u00e9dure d\u2019ouverture \u00e0 la concurrence des services franciliens&#160;;<\/li>\n<li><strong>p\u00e9rennise l\u2019utilisation des cam\u00e9ras pi\u00e9tons pour l\u2019ensemble des agents des services internes de s\u00e9curit\u00e9 et des contr\u00f4leurs<\/strong>, et permet l\u2019utilisation de celles-ci <strong>sur la voie publique<\/strong> dans le cadre du nouveau \u00ab&#160;droit de poursuite&#160;\u00bb&#160;;<\/li>\n<li>permet, <strong>\u00e0 titre exp\u00e9rimental<\/strong>, l\u2019<strong>usage des cam\u00e9ras-pi\u00e9tons par les conducteurs de bus <\/strong>&#160;;<\/li>\n<li>impose \u00e0 l\u2019ensemble des entreprises ferroviaires de mettre en place un <strong>num\u00e9ro d\u2019appel unique<\/strong> pour permettre aux voyageurs de signaler rapidement des situations qui pr\u00e9sentent un risque pour leur s\u00e9curit\u00e9 ou celle des autres voyageurs&#160;;<\/li>\n<li>rend <strong>exp\u00e9rimentale<\/strong> et sous monopole d\u2019acquisition \u00e9tatique, l\u2019<strong>utilisation de traitements algorithmiques<\/strong> pour extraire et exporter des images et ainsi r\u00e9pondre plus efficacement aux <strong>r\u00e9quisitions judiciaires<\/strong>&#160;;<\/li>\n<li>autorise les services internes de s\u00e9curit\u00e9 de la RATP et de la SNCF \u00e0 <strong>collecter et traiter<\/strong>, apr\u00e8s avis de la CNIL, <strong>des donn\u00e9es sensibles<\/strong>, dans le cadre du traitement d\u2019infractions flagrantes, en lien avec les services de police et de gendarmerie&#160;;<\/li>\n<li>autorise, <strong>\u00e0 titre exp\u00e9rimental<\/strong>, les conducteurs d\u2019<strong>autobus et autocars <\/strong>\u00e0 d\u00e9clencher, en cas de danger, un <strong>syst\u00e8me de captation sonore<\/strong> auquel pourrait acc\u00e9der en temps r\u00e9el le poste de contr\u00f4le et de commandement&#160;;<\/li>\n<li>cr\u00e9e un <strong>d\u00e9lit d\u2019\u00ab&#160;incivilit\u00e9 d\u2019habitude&#160;\u00bb<\/strong> pour sanctionner les infractions comportementales r\u00e9guli\u00e8res \u00e0 la police du transport&#160;;<\/li>\n<li>cr\u00e9e une <strong>peine compl\u00e9mentaire d\u2019\u00a0\u00ab&#160;interdiction de para\u00eetre&#160;\u00bb sp\u00e9cifique aux r\u00e9seaux de transport public<\/strong>&#160;;<\/li>\n<li>cr\u00e9e un <strong>d\u00e9lit pour r\u00e9primer les oublis, volontaires ou involontaire, de bagages ou d\u2019objets dans les transports<\/strong>&#160;;<\/li>\n<li>cr\u00e9\u00e9 un <strong>d\u00e9lit de \u00ab&#160;<\/strong><strong><em>bus et train surfing<\/em><\/strong><strong>&#160;\u00bb<\/strong> applicable aux transports ferroviaires ou guid\u00e9s\u00a0 ainsi qu\u2019au transport routier de personnes&#160;;<\/li>\n<li>met en place un dispositif facilitant la <strong>transmission des proc\u00e8s-verbaux \u00e9tablis par les agents de la Suge et du GSPR aux officiers de police judiciaire<\/strong>&#160;;<\/li>\n<li>rend automatique l&rsquo;<strong>information de l&rsquo;op\u00e9rateur de transport<\/strong> lorsqu&rsquo;un agent habilit\u00e9 au transport de voyageurs perd la totalit\u00e9 des points de son permis de conduire&#160;;<\/li>\n<li>ouvre la possibilit\u00e9, pour les op\u00e9rateurs de transport public de personnes, en particulier ceux assurant le transport de mineurs, de contr\u00f4ler de consulter, par l\u2019interm\u00e9diaire des pr\u00e9fets, le <strong>fichier automatis\u00e9 des auteurs d\u2019infractions sexuelles<\/strong>.<\/li>\n<\/ul>\n<\/div>\n<\/section>\n<\/div>\n<\/div>\n<\/aside>\n<\/div>\n<\/div>\n<\/div>\n<\/div>\n\n<div class=\"twitter-share\"><a href=\"https:\/\/twitter.com\/intent\/tweet?via=alainhoupert\" class=\"twitter-share-button\">Tweet<\/a><\/div>\n","protected":false},"excerpt":{"rendered":"<p>Mardi 13 f\u00e9vrier 2024, le S\u00e9nat a adopt\u00e9, en premi\u00e8re lecture, une\u00a0proposition de loi relative au renforcement de la s\u00fbret\u00e9 dans les transports,\u00a0d\u00e9pos\u00e9e par\u00a0Philippe Tabarot et plusieurs de ses coll\u00e8gues.<\/p>\n","protected":false},"author":2,"featured_media":1398,"comment_status":"open","ping_status":"open","sticky":false,"template":"","format":"standard","meta":[],"categories":[78],"tags":[],"_links":{"self":[{"href":"https:\/\/alain-houpert.fr\/site\/index.php\/wp-json\/wp\/v2\/posts\/1397"}],"collection":[{"href":"https:\/\/alain-houpert.fr\/site\/index.php\/wp-json\/wp\/v2\/posts"}],"about":[{"href":"https:\/\/alain-houpert.fr\/site\/index.php\/wp-json\/wp\/v2\/types\/post"}],"author":[{"embeddable":true,"href":"https:\/\/alain-houpert.fr\/site\/index.php\/wp-json\/wp\/v2\/users\/2"}],"replies":[{"embeddable":true,"href":"https:\/\/alain-houpert.fr\/site\/index.php\/wp-json\/wp\/v2\/comments?post=1397"}],"version-history":[{"count":1,"href":"https:\/\/alain-houpert.fr\/site\/index.php\/wp-json\/wp\/v2\/posts\/1397\/revisions"}],"predecessor-version":[{"id":1399,"href":"https:\/\/alain-houpert.fr\/site\/index.php\/wp-json\/wp\/v2\/posts\/1397\/revisions\/1399"}],"wp:featuredmedia":[{"embeddable":true,"href":"https:\/\/alain-houpert.fr\/site\/index.php\/wp-json\/wp\/v2\/media\/1398"}],"wp:attachment":[{"href":"https:\/\/alain-houpert.fr\/site\/index.php\/wp-json\/wp\/v2\/media?parent=1397"}],"wp:term":[{"taxonomy":"category","embeddable":true,"href":"https:\/\/alain-houpert.fr\/site\/index.php\/wp-json\/wp\/v2\/categories?post=1397"},{"taxonomy":"post_tag","embeddable":true,"href":"https:\/\/alain-houpert.fr\/site\/index.php\/wp-json\/wp\/v2\/tags?post=1397"}],"curies":[{"name":"wp","href":"https:\/\/api.w.org\/{rel}","templated":true}]}}