{"id":1381,"date":"2023-10-12T13:11:45","date_gmt":"2023-10-12T12:11:45","guid":{"rendered":"http:\/\/alain-houpert.fr\/site\/?p=1381"},"modified":"2023-10-12T13:11:45","modified_gmt":"2023-10-12T12:11:45","slug":"le-senateur-houpert-milite-pour-la-reserve-parlementaire","status":"publish","type":"post","link":"https:\/\/alain-houpert.fr\/site\/index.php\/2023\/10\/12\/le-senateur-houpert-milite-pour-la-reserve-parlementaire\/","title":{"rendered":"LE S\u00c9NATEUR HOUPERT MILITE POUR LA R\u00c9SERVE PARLEMENTAIRE"},"content":{"rendered":"<p style=\"text-align: justify;\"><em><strong>Article du Chatillonnais et l&rsquo;Auxois&#160;: https:\/\/www.lechatillonnaisetlauxois.fr\/actualite-10590-le-senateur-houpert-milite-pour-la-reserve-parlementaire.html<\/strong><\/em><\/p>\n<div class=\"meta\" style=\"text-align: justify;\"><span class=\"date\">07h15 &#8211; 09 octobre 2023<\/span><\/div>\n<p style=\"text-align: justify;\"><img id=\"illustration\" src=\"https:\/\/www.lechatillonnaisetlauxois.fr\/photos\/maxi\/10590.jpg\" alt=\"Le s\u00e9nateur Houpert milite pour la R\u00e9serve parlementaire\" \/><\/p>\n<p style=\"text-align: justify;\">Avec Laurence Muller-Bronn, s\u00e9natrice du Bas-Rhin, le s\u00e9nateur c\u00f4te-d&rsquo;orien Alain Houpert a d\u00e9pos\u00e9 une proposition de loi au S\u00e9nat pour le r\u00e9tablissement de la R\u00e9serve parlementaire \u00ab&#160;dans un cadre parfaitement contr\u00f4l\u00e9&#160;\u00bb. Cette proposition accompagne le d\u00e9p\u00f4t d&rsquo;une proposition de loi \u00e0 l&rsquo;Assembl\u00e9e Nationale par Andr\u00e9 Villiers (Yonne), Dino Cinieri (Loire) et Fr\u00e9d\u00e9ric Descrozaille (Val-de-Marne) soutenue par 130 d\u00e9put\u00e9s.<\/p>\n<p style=\"text-align: justify;\">Cette proposition de loi transpartisane, approuv\u00e9e par l&rsquo;Association des Maires de France, vise \u00e0 r\u00e9tablir une dotation supprim\u00e9e par la loi organique du 15\u00a0septembre 2017 appel\u00e9e Pour la confiance dans la vie politique. \u00ab&#160;La centralisation au sein des pr\u00e9fectures et des minist\u00e8res des subventions via le Fonds pour le d\u00e9veloppement de la Vie Associative et la dotation d&rsquo;\u00e9quipements des territoires ruraux ne r\u00e9pond pas aux n\u00e9cessit\u00e9s de proximit\u00e9 et fait l&rsquo;objet de s\u00e9rieuses critiques de la part des \u00e9lus locaux mais aussi des acteurs associatifs et des habitants. Le S\u00e9nat, en 2017, s&rsquo;\u00e9tait oppos\u00e9 \u00e0 cette suppression, conscient des cons\u00e9quences pour les communes rurales&#160;\u00bb explique Alain Houpert.<\/p>\n<p style=\"text-align: justify;\">Pour faire aboutir cette proposition, un Collectif pour la r\u00e9serve parlementaire a \u00e9t\u00e9 cr\u00e9\u00e9. \u00ab&#160;Nous avons besoin d&rsquo;une mobilisation des \u00e9lus et des citoyens. On collecte donc les signatures de tous ceux qui souhaitent qu&rsquo;aujourd&rsquo;hui leur maire et leur association soient soutenus dans leurs actions. Entre 2008, date de mon \u00e9lection au S\u00e9nat, et 2017, date de la suppression de la R\u00e9serve parlementaire, nous avons pu en C\u00f4te-d&rsquo;Or financer par exemple l&rsquo;installation de 150 d\u00e9fibrillateurs dans des communes rurales&#160;\u00bb mobilise Alain Houpert.<\/p>\n\n<div class=\"twitter-share\"><a href=\"https:\/\/twitter.com\/intent\/tweet?via=alainhoupert\" class=\"twitter-share-button\">Tweet<\/a><\/div>\n","protected":false},"excerpt":{"rendered":"<p>Article du Chatillonnais et l&rsquo;Auxois&#160;: https:\/\/www.lechatillonnaisetlauxois.fr\/actualite-10590-le-senateur-houpert-milite-pour-la-reserve-parlementaire.html 07h15 &#8211; 09 octobre 2023 Avec Laurence Muller-Bronn, s\u00e9natrice du Bas-Rhin, le s\u00e9nateur c\u00f4te-d&rsquo;orien Alain Houpert a d\u00e9pos\u00e9 une &hellip; <\/p>\n","protected":false},"author":2,"featured_media":1382,"comment_status":"open","ping_status":"open","sticky":false,"template":"","format":"standard","meta":[],"categories":[156],"tags":[],"_links":{"self":[{"href":"https:\/\/alain-houpert.fr\/site\/index.php\/wp-json\/wp\/v2\/posts\/1381"}],"collection":[{"href":"https:\/\/alain-houpert.fr\/site\/index.php\/wp-json\/wp\/v2\/posts"}],"about":[{"href":"https:\/\/alain-houpert.fr\/site\/index.php\/wp-json\/wp\/v2\/types\/post"}],"author":[{"embeddable":true,"href":"https:\/\/alain-houpert.fr\/site\/index.php\/wp-json\/wp\/v2\/users\/2"}],"replies":[{"embeddable":true,"href":"https:\/\/alain-houpert.fr\/site\/index.php\/wp-json\/wp\/v2\/comments?post=1381"}],"version-history":[{"count":1,"href":"https:\/\/alain-houpert.fr\/site\/index.php\/wp-json\/wp\/v2\/posts\/1381\/revisions"}],"predecessor-version":[{"id":1383,"href":"https:\/\/alain-houpert.fr\/site\/index.php\/wp-json\/wp\/v2\/posts\/1381\/revisions\/1383"}],"wp:featuredmedia":[{"embeddable":true,"href":"https:\/\/alain-houpert.fr\/site\/index.php\/wp-json\/wp\/v2\/media\/1382"}],"wp:attachment":[{"href":"https:\/\/alain-houpert.fr\/site\/index.php\/wp-json\/wp\/v2\/media?parent=1381"}],"wp:term":[{"taxonomy":"category","embeddable":true,"href":"https:\/\/alain-houpert.fr\/site\/index.php\/wp-json\/wp\/v2\/categories?post=1381"},{"taxonomy":"post_tag","embeddable":true,"href":"https:\/\/alain-houpert.fr\/site\/index.php\/wp-json\/wp\/v2\/tags?post=1381"}],"curies":[{"name":"wp","href":"https:\/\/api.w.org\/{rel}","templated":true}]}}