{"id":1281,"date":"2022-08-26T14:51:42","date_gmt":"2022-08-26T13:51:42","guid":{"rendered":"http:\/\/alain-houpert.fr\/site\/?p=1281"},"modified":"2022-10-04T14:52:16","modified_gmt":"2022-10-04T13:52:16","slug":"emmanuel-macron-le-desenchanteur","status":"publish","type":"post","link":"https:\/\/alain-houpert.fr\/site\/index.php\/2022\/08\/26\/emmanuel-macron-le-desenchanteur\/","title":{"rendered":"Emmanuel Macron le d\u00e9senchanteur"},"content":{"rendered":"<p><em><strong>Article paru dans <a href=\"https:\/\/www.lopinion.fr\/politique\/emmanuel-macron-le-desenchanteur-la-tribune-de-alain-houpert\">L&rsquo;opinion<\/a><\/strong><\/em><\/p>\n<p style=\"text-align: justify;\"><strong>Il y a quelques jours, le pr\u00e9sident de la R\u00e9publique appelait les Fran\u00e7ais au sacrifice au nom de la libert\u00e9. Ce 24 ao\u00fbt, le chef de l\u2019Etat est all\u00e9 plus loin, annon\u00e7ant la fin d\u2019une insouciance, d\u2019une \u00e9poque, de l\u2019abondance. En r\u00e9sum\u00e9, la fin de l\u2019espoir pour les g\u00e9n\u00e9rations futures. Par ces propos martiaux, le chef de l\u2019Etat cherche surtout \u00e0 pr\u00e9parer les esprits \u00e0 l\u2019\u00e9chec cuisant de sa politique lib\u00e9rale, antisociale et men\u00e9e avec violence \u00e0 l\u2019\u00e9gard des Fran\u00e7ais.<\/strong><\/p>\n<p style=\"text-align: justify;\">Derri\u00e8re cette injonction \u00e0 oublier le monde d\u2019avant pour un monde d\u2019apr\u00e8s, fait de sacrifices et de d\u00e9sespoir, Emmanuel Macron r\u00e9v\u00e8le l\u2019an\u00e9antissement de la pens\u00e9e politique au profit d\u2019une pens\u00e9e froide analytique qui, si elle est apte \u00e0 compter, est inapte \u00e0 proposer un id\u00e9al et des solutions. \u2028Derri\u00e8re cette posture, qu\u2019il souhaiterait \u00eatre celle d\u2019un homme d\u2019Etat, n\u2019h\u00e9sitant pas \u00e0 utiliser le pays au service de sa gloire et de sa post\u00e9rit\u00e9, demeure un comportement dangereux pour la nation et l\u2019esprit m\u00eame des Fran\u00e7ais. La nation, disait Renan, ce sont des \u00eatres diff\u00e9rents conduits vers un m\u00eame id\u00e9al. Dans la France macroniste, l\u2019id\u00e9al n\u2019a plus de pilote.<\/p>\n<p style=\"text-align: justify;\">D\u00e9j\u00e0 en mars 2020, le chef de l\u2019Etat, face \u00e0 une \u00e9pid\u00e9mie qu\u2019il avait appel\u00e9 une guerre, avait exhort\u00e9 les Fran\u00e7ais \u00e0 la peur. Aujourd\u2019hui, il les enjoint de nouveau \u00e0 craindre l\u2019avenir. Jamais, durant ces deux ann\u00e9es, Emmanuel Macron n\u2019a appel\u00e9 au courage des Fran\u00e7ais, comme le firent ceux dont il semble r\u00eaver le destin&#160;: Winston Churchill, le g\u00e9n\u00e9ral de Gaulle\u2026 Pourquoi&#160;?<\/p>\n<p style=\"text-align: justify;\"><b>Suj\u00e9tion.<\/b> Parce qu\u2019\u00e0 la diff\u00e9rence des grands hommes qui conduisirent la France plong\u00e9e dans de grands tourments, ce gouvernement technocratique n\u2019a aucun id\u00e9al. Il dirige le pays comme un manager une entreprise, en faisant reposer la p\u00e9rennit\u00e9 de celle-ci sur la rentabilit\u00e9. Sans jamais se soucier du long terme, sans jamais se poser la question de la condition humaine.<\/p>\n<p style=\"text-align: justify;\">Il y a quelques jours, Olivier Dussopt, ministre du Travail, enterrait la sociale d\u00e9mocratie, appelant au progressisme, soit la suj\u00e9tion de l\u2019homme aux ambitions \u00e9conomiques du pays. Aujourd\u2019hui, le chef de l\u2019Etat appelle \u00e0 enterrer la France, \u00e0 oublier le mod\u00e8le d\u00e9mocratique au profit du pragmatisme, l\u2019id\u00e9al humaniste au profit de la gestion comptable du pays.<\/p>\n<div class=\"Enhancement\" style=\"text-align: justify;\" data-align-center=\"\">\n<div class=\"Enhancement-item\">\n<div class=\"Quote\">\n<blockquote><p>\u00ab&#160;Devant l\u2019\u00e9chec de sa politique sur un plan diplomatique, \u00e9conomique, social, Emmanuel Macron accusait hier l\u2019Europe. Aujourd\u2019hui, il accuse le climat mondial&#160;\u00bb<\/p><\/blockquote>\n<\/div>\n<\/div>\n<\/div>\n<p style=\"text-align: justify;\">Ces propos sont-ils audibles de la part d\u2019un pr\u00e9sident de la R\u00e9publique garant des institutions et, de fait, d\u2019un mod\u00e8le r\u00e9publicain construit depuis des d\u00e9cennies par la volont\u00e9 des Fran\u00e7ais.<\/p>\n<p style=\"text-align: justify;\">Ces propos sont-ils dignes de la part d\u2019un homme qui se voudrait d\u2019Etat ou d\u2019un homme qui se r\u00eave politique&#160;? Quel est le but de tous ces discours belliqueux \u00e0 l\u2019\u00e9gard des pays \u00e9trangers, des affronts aux dirigeants d\u2019Afrique&#160;? Quel avenir offrir \u00e0 la France dans un monde o\u00f9 notre mod\u00e8le d\u00e9mocratique subit depuis cinq ans les attaques incessantes de ceux cens\u00e9s le d\u00e9fendre&#160;?<\/p>\n<p style=\"text-align: justify;\"><b>Excuses.<\/b> Les Fran\u00e7ais ne veulent pas s\u2019isoler sur la sc\u00e8ne internationale. Les Fran\u00e7ais ne veulent pas de cette guerre \u00e0 laquelle le pr\u00e9sident de la R\u00e9publique semble r\u00eaver le matin en se rasant, allant jusqu\u2019\u00e0 supprimer, en plein chaos international, le corps diplomatique, une fiert\u00e9 nationale, qui est la seule clef viable d\u2019une n\u00e9gociation entre dirigeants.<\/p>\n<p style=\"text-align: justify;\">Les Fran\u00e7ais ne veulent pas d\u2019un pays administr\u00e9 le plus souvent contre leurs int\u00e9r\u00eats, mais r\u00eavent d\u2019une nation guid\u00e9e.<\/p>\n<p style=\"text-align: justify;\">Devant l\u2019\u00e9chec de sa politique sur un plan diplomatique, \u00e9conomique, social, Emmanuel Macron accusait hier l\u2019Europe. Aujourd\u2019hui, il accuse le climat mondial. Au final, derri\u00e8re toutes ces excuses ne demeure qu\u2019une seule r\u00e9alit\u00e9&#160;: apr\u00e8s avoir entach\u00e9 la souverainet\u00e9 de la France, le pr\u00e9sident de la R\u00e9publique enterre un mod\u00e8le qui fut la lumi\u00e8re de l\u2019Europe durant des si\u00e8cles, rel\u00e9guant les discours francophiles \u00e0 des postures nationalistes.<\/p>\n<p style=\"text-align: justify;\">Aujourd\u2019hui, Emmanuel Macron tente de nous faire croire qu\u2019aimer la France, c\u2019est \u00eatre d\u00e9connect\u00e9 des enjeux du monde parce que dans ce monde globalis\u00e9, lui et son gouvernement ont \u00e9t\u00e9 incapables de d\u00e9fendre le mod\u00e8le fran\u00e7ais. Aimer la France, ce n\u2019est pas ha\u00efr l\u2019autre. Aimer la France, c\u2019est la r\u00eaver prestigieuse dans la grande marche du monde et certainement pas demander \u00e0 son peuple de la sacrifier au profit d\u2019un nouvel ordre mondial qui serait in\u00e9vitable.<\/p>\n<p style=\"text-align: justify;\"><i>Alain Houpert est s\u00e9nateur LR de la C\u00f4te-d\u2019Or, membre de la commission des affaires \u00e9trang\u00e8res, de la d\u00e9fense et des forces arm\u00e9es.<\/i><\/p>\n\n<div class=\"twitter-share\"><a href=\"https:\/\/twitter.com\/intent\/tweet?via=alainhoupert\" class=\"twitter-share-button\">Tweet<\/a><\/div>\n","protected":false},"excerpt":{"rendered":"<p>Article paru dans L&rsquo;opinion Il y a quelques jours, le pr\u00e9sident de la R\u00e9publique appelait les Fran\u00e7ais au sacrifice au nom de la libert\u00e9. Ce &hellip; <\/p>\n","protected":false},"author":2,"featured_media":1282,"comment_status":"open","ping_status":"open","sticky":false,"template":"","format":"standard","meta":[],"categories":[156,9],"tags":[],"_links":{"self":[{"href":"https:\/\/alain-houpert.fr\/site\/index.php\/wp-json\/wp\/v2\/posts\/1281"}],"collection":[{"href":"https:\/\/alain-houpert.fr\/site\/index.php\/wp-json\/wp\/v2\/posts"}],"about":[{"href":"https:\/\/alain-houpert.fr\/site\/index.php\/wp-json\/wp\/v2\/types\/post"}],"author":[{"embeddable":true,"href":"https:\/\/alain-houpert.fr\/site\/index.php\/wp-json\/wp\/v2\/users\/2"}],"replies":[{"embeddable":true,"href":"https:\/\/alain-houpert.fr\/site\/index.php\/wp-json\/wp\/v2\/comments?post=1281"}],"version-history":[{"count":1,"href":"https:\/\/alain-houpert.fr\/site\/index.php\/wp-json\/wp\/v2\/posts\/1281\/revisions"}],"predecessor-version":[{"id":1283,"href":"https:\/\/alain-houpert.fr\/site\/index.php\/wp-json\/wp\/v2\/posts\/1281\/revisions\/1283"}],"wp:featuredmedia":[{"embeddable":true,"href":"https:\/\/alain-houpert.fr\/site\/index.php\/wp-json\/wp\/v2\/media\/1282"}],"wp:attachment":[{"href":"https:\/\/alain-houpert.fr\/site\/index.php\/wp-json\/wp\/v2\/media?parent=1281"}],"wp:term":[{"taxonomy":"category","embeddable":true,"href":"https:\/\/alain-houpert.fr\/site\/index.php\/wp-json\/wp\/v2\/categories?post=1281"},{"taxonomy":"post_tag","embeddable":true,"href":"https:\/\/alain-houpert.fr\/site\/index.php\/wp-json\/wp\/v2\/tags?post=1281"}],"curies":[{"name":"wp","href":"https:\/\/api.w.org\/{rel}","templated":true}]}}