{"id":1252,"date":"2022-04-07T13:56:21","date_gmt":"2022-04-07T12:56:21","guid":{"rendered":"http:\/\/alain-houpert.fr\/site\/?p=1252"},"modified":"2022-04-07T13:56:21","modified_gmt":"2022-04-07T12:56:21","slug":"pour-que-les-maires-retrouvent-leurs-droits","status":"publish","type":"post","link":"https:\/\/alain-houpert.fr\/site\/index.php\/2022\/04\/07\/pour-que-les-maires-retrouvent-leurs-droits\/","title":{"rendered":"Pour que les maires retrouvent leurs droits&#160;!"},"content":{"rendered":"<div class=\"page\" title=\"Page 1\">\n<div class=\"layoutArea\">\n<div class=\"column\"><strong style=\"text-align: justify; font-size: 1.125rem;\"><img loading=\"lazy\" class=\" wp-image-895 alignleft\" src=\"http:\/\/alain-houpert.fr\/site\/wp-content\/uploads\/2020\/12\/E84EA01C-E928-482F-A18A-C7AFA989BB10_4_5005_c.jpeg\" alt=\"\" width=\"325\" height=\"191\" srcset=\"https:\/\/alain-houpert.fr\/site\/wp-content\/uploads\/2020\/12\/E84EA01C-E928-482F-A18A-C7AFA989BB10_4_5005_c.jpeg 436w, https:\/\/alain-houpert.fr\/site\/wp-content\/uploads\/2020\/12\/E84EA01C-E928-482F-A18A-C7AFA989BB10_4_5005_c-300x176.jpeg 300w\" sizes=\"(max-width: 325px) 100vw, 325px\" \/>J&rsquo;ai co-sign\u00e9 la Proposition de loi de mes coll\u00e8gues Jean-Marc Boyer, Daniel Laurent et Anne Ventalon visant \u00e0 rendre aux maires la ma\u00eetrise de leur d\u00e9veloppement.<\/strong><\/div>\n<\/div>\n<\/div>\n<div class=\"page\" title=\"Page 2\">\n<div class=\"layoutArea\">\n<div class=\"column\" style=\"text-align: justify;\">\n<p>Cette proposition de loi pr\u00e9voit en particulier de permettre aux maires de s&rsquo;opposer \u00e0 une diminution leurs droits \u00e0 construire, majorer de plus de 20&#160;% les possibilit\u00e9s de construction aux communes et non aux seules intercommunalit\u00e9s, emp\u00eacher tout transfert intempestif de la comp\u00e9tence PLU des communes vers les intercommunalit\u00e9s, permettre aux communes et intercommunalit\u00e9s de donner leur propre d\u00e9finition des hameaux, permettre la construction des secteurs \u00e0 haute valeur paysag\u00e8re en proc\u00e9dure d\u00e9rogatoire, simplifier les r\u00e8glements de s\u00e9curit\u00e9 contre l&rsquo;incendie et autoriser les constructions n\u00e9cessaires \u00e0 l&rsquo;\u00e9quilibre \u00e9conomique des exploitations agricoles.<\/p>\n<\/div>\n<div class=\"column\">\n<p style=\"text-align: justify;\">\n<\/div>\n<\/div>\n<\/div>\n\n<div class=\"twitter-share\"><a href=\"https:\/\/twitter.com\/intent\/tweet?via=alainhoupert\" class=\"twitter-share-button\">Tweet<\/a><\/div>\n","protected":false},"excerpt":{"rendered":"<p>J&rsquo;ai co-sign\u00e9 la Proposition de loi de mes coll\u00e8gues Jean-Marc Boyer, Daniel Laurent et Anne Ventalon visant \u00e0 rendre aux maires la ma\u00eetrise de leur &hellip; <\/p>\n","protected":false},"author":2,"featured_media":1256,"comment_status":"open","ping_status":"open","sticky":false,"template":"","format":"standard","meta":[],"categories":[187],"tags":[206,205,157,204,207],"_links":{"self":[{"href":"https:\/\/alain-houpert.fr\/site\/index.php\/wp-json\/wp\/v2\/posts\/1252"}],"collection":[{"href":"https:\/\/alain-houpert.fr\/site\/index.php\/wp-json\/wp\/v2\/posts"}],"about":[{"href":"https:\/\/alain-houpert.fr\/site\/index.php\/wp-json\/wp\/v2\/types\/post"}],"author":[{"embeddable":true,"href":"https:\/\/alain-houpert.fr\/site\/index.php\/wp-json\/wp\/v2\/users\/2"}],"replies":[{"embeddable":true,"href":"https:\/\/alain-houpert.fr\/site\/index.php\/wp-json\/wp\/v2\/comments?post=1252"}],"version-history":[{"count":3,"href":"https:\/\/alain-houpert.fr\/site\/index.php\/wp-json\/wp\/v2\/posts\/1252\/revisions"}],"predecessor-version":[{"id":1258,"href":"https:\/\/alain-houpert.fr\/site\/index.php\/wp-json\/wp\/v2\/posts\/1252\/revisions\/1258"}],"wp:featuredmedia":[{"embeddable":true,"href":"https:\/\/alain-houpert.fr\/site\/index.php\/wp-json\/wp\/v2\/media\/1256"}],"wp:attachment":[{"href":"https:\/\/alain-houpert.fr\/site\/index.php\/wp-json\/wp\/v2\/media?parent=1252"}],"wp:term":[{"taxonomy":"category","embeddable":true,"href":"https:\/\/alain-houpert.fr\/site\/index.php\/wp-json\/wp\/v2\/categories?post=1252"},{"taxonomy":"post_tag","embeddable":true,"href":"https:\/\/alain-houpert.fr\/site\/index.php\/wp-json\/wp\/v2\/tags?post=1252"}],"curies":[{"name":"wp","href":"https:\/\/api.w.org\/{rel}","templated":true}]}}