{"id":1243,"date":"2022-02-15T14:53:29","date_gmt":"2022-02-15T13:53:29","guid":{"rendered":"http:\/\/alain-houpert.fr\/site\/?p=1243"},"modified":"2022-02-15T14:53:29","modified_gmt":"2022-02-15T13:53:29","slug":"on-a-defendu-les-libertes-face-a-un-gouvernement-de-technocrates","status":"publish","type":"post","link":"https:\/\/alain-houpert.fr\/site\/index.php\/2022\/02\/15\/on-a-defendu-les-libertes-face-a-un-gouvernement-de-technocrates\/","title":{"rendered":"\u00ab&#160;On a d\u00e9fendu les libert\u00e9s&#160;\u00bb face \u00e0 \u00ab&#160;un gouvernement de technocrates&#160;\u00bb"},"content":{"rendered":"<div class=\"panel-pane pane-node-body\">\n<div class=\"field field-name-body field-type-text-with-summary field-label-hidden\">\n<div class=\"field-items\">\n<div class=\"field-item\">\n<p><strong>\u00ab&#160;Je peux me regarder dans la glace, on a d\u00e9fendu les libert\u00e9s individuelles&#160;\u00bb&#160;: Alain Houpert revient sur son opposition au passe \u00ab&#160;qui n&rsquo;a rien de sanitaire&#160;\u00bb, avec quelques-uns de ses coll\u00e8gues s\u00e9nateurs.<\/strong><\/p>\n<p>&nbsp;<\/p>\n<p>Revenant sur la d\u00e9claration de Roger Karoutchi, qui regrette d&rsquo;avoir vot\u00e9 pour le passe, expliquant qu&rsquo;il ne savait pas et n&rsquo;avait pas les \u00e9l\u00e9ments d&rsquo;information n\u00e9cessaires, notre invit\u00e9 pointe qu&rsquo;il n&rsquo;\u00e9tait \u00ab&#160;pas si difficile de se renseigner&#160;\u00bb, regrettant qu&rsquo;une \u00ab&#160;d\u00e9cision politique&#160;\u00bb ait prim\u00e9 au sein de son groupe, les cantonnant, lui et quelques autres, au r\u00f4le inconfortable de \u00ab&#160;Cassandre&#160;\u00bb. Il cr\u00e9dite tout de m\u00eame son coll\u00e8gue de l&rsquo;honn\u00eatet\u00e9 de reconna\u00eetre cette erreur. Dans une tribune collective, les s\u00e9nateurs \u00ab&#160;anti-passe&#160;\u00bb des R\u00e9publicains ont rappel\u00e9 hier qu&rsquo;il devait, pour eux, \u00eatre lev\u00e9 imm\u00e9diatement.<\/p>\n<blockquote><p>&nbsp;<\/p><\/blockquote>\n<p>Revenant sur la dette faramineuse contract\u00e9e au fil de ces mesures sanitaires, Alain Houpert d\u00e9nonce un \u00ab&#160;travail politique machiav\u00e9lique du gouvernement&#160;\u00bb, qui s&rsquo;illustre aussi dans la fa\u00e7on dont ont \u00e9t\u00e9 trait\u00e9s les participants aux \u00ab&#160;convois de la libert\u00e9&#160;\u00bb et les manifestants du week-end dernier, une \u00ab&#160;r\u00e9ponse excessive&#160;\u00bb envers ceux qui veulent simplement avoir \u00ab&#160;voix au chapitre&#160;\u00bb.<\/p>\n<p>Fustigeant le m\u00e9pris pour le Parlement d&rsquo;un \u00ab&#160;gouvernement de technocrates&#160;\u00bb dont \u00ab&#160;la seule id\u00e9ologie est de rester au pouvoir&#160;\u00bb, l&rsquo;\u00e9lu de C\u00f4te-d&rsquo;Or rappelle qu&rsquo;on n&rsquo;a \u00ab&#160;pas besoin d&rsquo;un stagiaire comme pr\u00e9sident de la R\u00e9publique&#160;\u00bb, en r\u00e9f\u00e9rence aux confessions d&rsquo;Emmanuel Macron qui avouait beno\u00eetement avoir appris des Fran\u00e7ais.<\/p>\n<table style=\"border-collapse: collapse; width: 100%;\">\n<tbody>\n<tr>\n<td style=\"width: 10%;\"><\/td>\n<td style=\"width: 10%;\"><\/td>\n<td style=\"width: 10%;\"><\/td>\n<td style=\"width: 10%;\"><\/td>\n<td style=\"width: 10%;\"><\/td>\n<td style=\"width: 10%;\"><\/td>\n<td style=\"width: 10%;\"><\/td>\n<td style=\"width: 10%;\"><\/td>\n<td style=\"width: 10%;\"><\/td>\n<td style=\"width: 10%;\"><\/td>\n<\/tr>\n<tr>\n<td style=\"width: 10%;\"><\/td>\n<td style=\"width: 10%;\"><\/td>\n<td style=\"width: 10%;\"><\/td>\n<td style=\"width: 10%;\"><\/td>\n<td style=\"width: 10%;\"><\/td>\n<td style=\"width: 10%;\"><\/td>\n<td style=\"width: 10%;\"><\/td>\n<td style=\"width: 10%;\"><\/td>\n<td style=\"width: 10%;\"><\/td>\n<td style=\"width: 10%;\"><\/td>\n<\/tr>\n<\/tbody>\n<\/table>\n<p>Rappelant l&rsquo;importance de se souvenir d&rsquo;o\u00f9 l&rsquo;on vient, Alain Houpert reconna\u00eet ses d\u00e9saccords avec Val\u00e9rie P\u00e9cresse, qu&rsquo;il lui a manifest\u00e9s, en particulier sur la strat\u00e9gie vaccinale et passe vaccinal, m\u00eame s&rsquo;il lui maintient son respect, notant que \u00ab&#160;chez LR, on peut ne pas \u00eatre d&rsquo;accord, chez LREM on est exclu&#160;\u00bb. Au ralliement annonc\u00e9 d&rsquo;Eric Woerth \u00e0 Emmanuel Macron, il r\u00e9pond par une citation de Sacha Guitry qui dans un mot d&rsquo;esprit soulignait que l&rsquo;infid\u00e9lit\u00e9 n&rsquo;est pas vraiment une perte&#8230;<\/p>\n<p>Le s\u00e9nateur bourguignon revient enfin sur sa r\u00e9cente visite \u00e0 l&rsquo;IHU, loin des caricatures, sur le traitement m\u00e9diatique de la mort du Pr Montagnier, et sur deux prises de position qui lui ont valu des mauvais proc\u00e8s, selon lui&#160;: un tweet sur \u00ab&#160;l&rsquo;outrage au drapeau&#160;\u00bb, et une tribune sur la responsabilit\u00e9 de l&rsquo;Etat dans la prise en charge des effets secondaires&#160;:\u00a0<a href=\"https:\/\/www.francesoir.fr\/politique-france\/responsabilite-etat-vaccination-alain-houpert-philippe-gosselin\" target=\"_blank\" rel=\"noopener noreferrer\">\u00ab&#160;L&rsquo;Etat doit engager pleinement sa responsabilit\u00e9 d&rsquo;une vaccination obligatoire \u00ab&#160;de facto&#160;\u00bb<\/a>.<\/p>\n<p>Un \u00ab&#160;D\u00e9fi de la v\u00e9rit\u00e9&#160;\u00bb d&rsquo;un parlementaire attach\u00e9 \u00e0 la transmission, \u00e9voquant \u00ab&#160;les \u00e9paules des g\u00e9ants&#160;\u00bb sur lesquelles nous sommes juch\u00e9s et \u00ab&#160;le devoir d&rsquo;enlever les cailloux du chemin de nos enfants&#160;\u00bb.<\/p>\n<div class=\"BeOpVSlot\"><\/div>\n<div><\/div>\n<\/div>\n<\/div>\n<\/div>\n<\/div>\n<div class=\"panel-pane pane-custom pane-7\">\n<div>\n<p>&nbsp;<\/p>\n<\/div>\n<\/div>\n\n<div class=\"twitter-share\"><a href=\"https:\/\/twitter.com\/intent\/tweet?via=alainhoupert\" class=\"twitter-share-button\">Tweet<\/a><\/div>\n","protected":false},"excerpt":{"rendered":"<p>\u00ab&#160;Je peux me regarder dans la glace, on a d\u00e9fendu les libert\u00e9s individuelles&#160;\u00bb&#160;: Alain Houpert revient sur son opposition au passe \u00ab&#160;qui n&rsquo;a rien de &hellip; <\/p>\n","protected":false},"author":2,"featured_media":1244,"comment_status":"open","ping_status":"open","sticky":false,"template":"","format":"standard","meta":[],"categories":[1],"tags":[],"_links":{"self":[{"href":"https:\/\/alain-houpert.fr\/site\/index.php\/wp-json\/wp\/v2\/posts\/1243"}],"collection":[{"href":"https:\/\/alain-houpert.fr\/site\/index.php\/wp-json\/wp\/v2\/posts"}],"about":[{"href":"https:\/\/alain-houpert.fr\/site\/index.php\/wp-json\/wp\/v2\/types\/post"}],"author":[{"embeddable":true,"href":"https:\/\/alain-houpert.fr\/site\/index.php\/wp-json\/wp\/v2\/users\/2"}],"replies":[{"embeddable":true,"href":"https:\/\/alain-houpert.fr\/site\/index.php\/wp-json\/wp\/v2\/comments?post=1243"}],"version-history":[{"count":1,"href":"https:\/\/alain-houpert.fr\/site\/index.php\/wp-json\/wp\/v2\/posts\/1243\/revisions"}],"predecessor-version":[{"id":1245,"href":"https:\/\/alain-houpert.fr\/site\/index.php\/wp-json\/wp\/v2\/posts\/1243\/revisions\/1245"}],"wp:featuredmedia":[{"embeddable":true,"href":"https:\/\/alain-houpert.fr\/site\/index.php\/wp-json\/wp\/v2\/media\/1244"}],"wp:attachment":[{"href":"https:\/\/alain-houpert.fr\/site\/index.php\/wp-json\/wp\/v2\/media?parent=1243"}],"wp:term":[{"taxonomy":"category","embeddable":true,"href":"https:\/\/alain-houpert.fr\/site\/index.php\/wp-json\/wp\/v2\/categories?post=1243"},{"taxonomy":"post_tag","embeddable":true,"href":"https:\/\/alain-houpert.fr\/site\/index.php\/wp-json\/wp\/v2\/tags?post=1243"}],"curies":[{"name":"wp","href":"https:\/\/api.w.org\/{rel}","templated":true}]}}