{"id":1238,"date":"2022-02-14T16:08:18","date_gmt":"2022-02-14T15:08:18","guid":{"rendered":"http:\/\/alain-houpert.fr\/site\/?p=1238"},"modified":"2022-02-16T12:24:11","modified_gmt":"2022-02-16T11:24:11","slug":"20-senateurs-appellent-a-lever-le-pass-vaccinal-sans-delai","status":"publish","type":"post","link":"https:\/\/alain-houpert.fr\/site\/index.php\/2022\/02\/14\/20-senateurs-appellent-a-lever-le-pass-vaccinal-sans-delai\/","title":{"rendered":"20 S\u00e9nateurs appellent \u00e0 lever le pass vaccinal sans d\u00e9lai"},"content":{"rendered":"<div class=\"page\" title=\"Page 1\">\n<div class=\"layoutArea\">\n<div class=\"column\">\n<p><em><strong>Tribune publi\u00e9e sur <a href=\"http:\/\/alain-houpert.fr\/site\/wp-content\/uploads\/2022\/02\/LeFigaroLeveeduPasse.jpg\">Le Figaro<\/a><\/strong><\/em><\/p>\n<p style=\"text-align: justify;\"><strong>L\u2019annonce par le porte-parole du gouvernement d\u2019une lev\u00e9e possible du pass vaccinal fin mars- d\u00e9but avril n\u2019est pas acceptable. Il ne s\u2019agit plus de la gestion sanitaire de la crise, mais d\u2019une strat\u00e9gie politique. Apr\u00e8s avoir mis les Fran\u00e7ais en libert\u00e9 surveill\u00e9e, le Gouvernement voudrait \u00eatre celui qui les lib\u00e8re, \u00e0 quelques semaines du premier tour des \u00e9lections pr\u00e9sidentielles. La ficelle est un peu grosse.<\/strong><\/p>\n<p style=\"text-align: justify;\">Avec 300 000 contaminations officielles par jour, c\u2019est-\u00e0-dire sans doute plus de 500 000 en r\u00e9alit\u00e9, ce pass vaccinal n\u2019a aucun sens. Il n\u2019a d\u2019ailleurs jamais \u00e9t\u00e9 n\u00e9cessaire. En effet, si l\u2019objectif du gouvernement \u00e9tait de limiter la circulation du virus dans des lieux pr\u00e9cis, un test n\u00e9gatif est bien plus efficace qu\u2019une preuve de vaccination, puisque ni deux, ni trois, ni quatre doses n\u2019emp\u00eachent d\u2019\u00eatre contamin\u00e9 et contagieux.<\/p>\n<p style=\"text-align: justify;\">En outre, la strat\u00e9gie du \u00ab&#160;tout vaccinal&#160;\u00bb, comme le d\u00e9montrent le m\u00e9decin G\u00e9rald Kierzek, et m\u00eame l\u2019Organisation Mondiale de la Sant\u00e9, est une erreur strat\u00e9gique&#160;; g\u00e9n\u00e9raliser le vaccin et laisser croire qu&rsquo;il va nous sortir de la pand\u00e9mie est une gageure.<\/p>\n<p style=\"text-align: justify;\">Le pass vaccinal se r\u00e9v\u00e8le m\u00eame contreproductif en donnant le sentiment \u00e0 nos compatriotes d\u2019\u00eatre prot\u00e9g\u00e9s, les incitant \u00e0 abandonner les gestes barri\u00e8res.<\/p>\n<p style=\"text-align: justify;\">Et c\u2019est une chim\u00e8re de croire que les r\u00e9ticents \u00e0 la vaccination d\u2019hier seront les convaincus de demain.<\/p>\n<p style=\"text-align: justify;\">Les pouvoirs publics auraient d\u00fb saisir l\u2019avantage du variant Omicron, plus contagieux mais moins susceptible de donner des formes s\u00e9v\u00e8res, pour concentrer leurs efforts sur les populations fragiles&#160;! Le bon sens a laiss\u00e9 la place aux calculs politiques voire politiciens, aux d\u00e9triments des libert\u00e9s des Fran\u00e7ais.<\/p>\n<p style=\"text-align: justify;\">Le pass vaccinal a d\u2019autant moins de justifications que l\u2019engorgement de l\u2019h\u00f4pital n\u2019est plus seulement le fait du Covid-19. Une \u00e9tude de l\u2019AP-HP publi\u00e9e en janvier dernier met en lumi\u00e8re que, parmi les patients en hospitalisation conventionnelle pour une dur\u00e9e inf\u00e9rieure \u00e0 une journ\u00e9e, 43&#160;% sont infect\u00e9s par Omicron, contre 19&#160;% par le variant Delta. Cette \u00e9tude montre de surcro\u00eet que la part des patients infect\u00e9s par Omicron hospitalis\u00e9s en soins critiques est bien moindre que les patients infect\u00e9s par Delta. Aujourd\u2019hui, malgr\u00e9 des contaminations quotidiennes presque 10 fois sup\u00e9rieures aux pr\u00e9c\u00e9dentes vagues, le taux d\u2019occupation des lits de r\u00e9animation reste en-de\u00e7\u00e0 des 70&#160;%. Les efforts du gouvernement auraient donc d\u00fb se concentrer sur le renforcement structurel des moyens de l\u2019h\u00f4pital afin d\u2019en finir avec la crise sanitaire. Mais les enseignements de deux ann\u00e9es de crise n\u2019ont pas \u00e9t\u00e9 tir\u00e9s. Pire, l\u2019affaiblissement du secteur hospitalier s\u2019est accentu\u00e9&#160;: selon la DREES, sur la seule ann\u00e9e 2020, ce sont 4389 lits d&rsquo;hospitalisation qui ont \u00e9t\u00e9 ferm\u00e9s.<\/p>\n<p style=\"text-align: justify;\">Enfin, il ne faut pas n\u00e9gliger les cons\u00e9quences de l\u2019\u00e9pid\u00e9mie sur l\u2019\u00e9ducation et la sant\u00e9 mentale de nos enfants. De nombreux sp\u00e9cialistes, dont les orthophonistes du Collectif national des orthophonistes de France, ont mis en lumi\u00e8re les effets nocifs du port du masque sur les apprentissages du langage, de la lecture et sur le comportement des enfants. La balance b\u00e9n\u00e9fice-risque n\u2019\u00e9tait manifestement pas en faveur de l\u2019application du port du masque \u00e0 l\u2019\u00e9cole. De surcro\u00eet, les cons\u00e9quences de la vaccination des plus jeunes sont plus qu\u2019incertaines. Les justifications scientifiques qui ont conduit le gouvernement \u00e0 autoriser la vaccination des enfants de moins de 11 ans sont floues, alors que ces derniers ne sont pas sujets aux formes graves du virus et participent \u00e0 l\u2019immunit\u00e9 naturelle.<\/p>\n<p style=\"text-align: justify;\">Le principe de pr\u00e9caution, pourtant invoqu\u00e9 avec gourmandise dans de nombreux domaines, doit \u00eatre appliqu\u00e9 aux plus jeunes<\/p>\n<\/div>\n<\/div>\n<\/div>\n<div class=\"page\" title=\"Page 2\">\n<div class=\"layoutArea\" style=\"text-align: justify;\">\n<div class=\"column\">\n<p>Il est donc urgent de redonner la libert\u00e9 aux Fran\u00e7ais, avant que le pays ne replonge \u00e0 nouveau dans le d\u00e9sordre.<\/p>\n<p>Il faut certes rester vigilant \u00e0 l\u2019\u00e9gard des personnes \u00e0 risque, dont certaines ne sont pas vaccin\u00e9es et ne se vaccineront pas malgr\u00e9 les mesures gouvernementales. Les Fran\u00e7ais, dans leur immense majorit\u00e9, n\u2019en peuvent plus de toutes ces privations de libert\u00e9, alors qu\u2019ils continuent au quotidien de constater les incoh\u00e9rences de la gestion sanitaire de la pand\u00e9mie.<\/p>\n<p>Le gouvernement doit arr\u00eater \u00ab&#160;d\u2019emmerder les fran\u00e7ais&#160;\u00bb avec des mesures politiciennes dissimul\u00e9es derri\u00e8re des pr\u00e9textes sanitaires.<\/p>\n<p>Dans leur immense majorit\u00e9, les Fran\u00e7ais ont fait preuve de responsabilit\u00e9 et d\u2019abn\u00e9gation, en accompagnant et en respectant les mesures gouvernementales. Mais trop, c\u2019est trop&#160;! Ils n\u2019en peuvent plus.<\/p>\n<p>Nous S\u00e9nateurs, tr\u00e8s attach\u00e9s aux libert\u00e9s publiques, devons faire entendre leur voix.<\/p>\n<p>Nous demandons donc, comme le font des pays de plus en plus nombreux, \u00e0 l\u2019image du Danemark et du Royaume-Uni, la lev\u00e9e sans d\u00e9lai du pass vaccinal.<\/p>\n<\/div>\n<\/div>\n<div class=\"layoutArea\">\n<div class=\"column\" style=\"text-align: justify;\">\n<p><strong>Etienne BLANC, S\u00e9nateur du Rh\u00f4ne<\/strong><\/p>\n<p><strong>Christine BONFANTI-DOSSAT, S\u00e9natrice du Lot-et-Garonne<\/strong><\/p>\n<p><strong>Sabine DREXLER, S\u00e9natrice du Haut-Rhin Laurent DUPLOMB, S\u00e9nateur de la Haute-Loire<\/strong><\/p>\n<p><strong>Christophe-Andr\u00e9 FRASSA, S\u00e9nateur repr\u00e9sentant les Fran\u00e7ais \u00e9tablis hors de France<\/strong><\/p>\n<p><strong>Muriel JOURDA, S\u00e9natrice du Morbihan Sylvie GOY-CHAVENT, S\u00e9natrice de l&rsquo;Ain<\/strong><\/p>\n<p><strong>Alain HOUPERT, S\u00e9nateur de la C\u00f4te-d&rsquo;Or Alain JOYANDET, S\u00e9nateur de la Haute-Sa\u00f4ne<\/strong><\/p>\n<p><strong>Daniel LAURENT, S\u00e9nateur de Charente- Maritime<\/strong><\/p>\n<\/div>\n<div class=\"column\">\n<p style=\"text-align: justify;\"><strong>Vivette LOPEZ, S\u00e9natrice du Gard S\u00e9bastien MEURANT, S\u00e9nateur du Val-d\u2019Oise<\/strong><\/p>\n<p style=\"text-align: justify;\"><strong>Laurence MULLER-BRONN, S\u00e9natrice du Bas- Rhin<\/strong><\/p>\n<p style=\"text-align: justify;\"><strong>Sylviane NOEL, S\u00e9natrice de Haute-Savoie<\/strong><\/p>\n<p style=\"text-align: justify;\"><strong>Phillipe PEMEZEC, S\u00e9nateur des Hauts-de- Seine<\/strong><\/p>\n<p style=\"text-align: justify;\"><strong>Annick PETRUS, S\u00e9natrice de Saint-Martin Cyril PELLEVAT, S\u00e9nateur de la Haute-Savoie<\/strong><\/p>\n<p style=\"text-align: justify;\"><strong>Kristina PLUCHET, S\u00e9natrice de l\u2019Eure<\/strong><\/p>\n<p style=\"text-align: justify;\"><strong>Damien REGNARD, S\u00e9nateur repr\u00e9sentant les Fran\u00e7ais \u00e9tablis hors de France<\/strong><\/p>\n<p style=\"text-align: justify;\"><strong>Andr\u00e9 REICHARDT, S\u00e9nateur du Bas-Rhin<\/strong><\/p>\n<\/div>\n<\/div>\n<\/div>\n\n<div class=\"twitter-share\"><a href=\"https:\/\/twitter.com\/intent\/tweet?via=alainhoupert\" class=\"twitter-share-button\">Tweet<\/a><\/div>\n","protected":false},"excerpt":{"rendered":"<p>Tribune publi\u00e9e sur Le Figaro L\u2019annonce par le porte-parole du gouvernement d\u2019une lev\u00e9e possible du pass vaccinal fin mars- d\u00e9but avril n\u2019est pas acceptable. Il &hellip; <\/p>\n","protected":false},"author":2,"featured_media":1241,"comment_status":"open","ping_status":"open","sticky":false,"template":"","format":"standard","meta":[],"categories":[156],"tags":[],"_links":{"self":[{"href":"https:\/\/alain-houpert.fr\/site\/index.php\/wp-json\/wp\/v2\/posts\/1238"}],"collection":[{"href":"https:\/\/alain-houpert.fr\/site\/index.php\/wp-json\/wp\/v2\/posts"}],"about":[{"href":"https:\/\/alain-houpert.fr\/site\/index.php\/wp-json\/wp\/v2\/types\/post"}],"author":[{"embeddable":true,"href":"https:\/\/alain-houpert.fr\/site\/index.php\/wp-json\/wp\/v2\/users\/2"}],"replies":[{"embeddable":true,"href":"https:\/\/alain-houpert.fr\/site\/index.php\/wp-json\/wp\/v2\/comments?post=1238"}],"version-history":[{"count":2,"href":"https:\/\/alain-houpert.fr\/site\/index.php\/wp-json\/wp\/v2\/posts\/1238\/revisions"}],"predecessor-version":[{"id":1249,"href":"https:\/\/alain-houpert.fr\/site\/index.php\/wp-json\/wp\/v2\/posts\/1238\/revisions\/1249"}],"wp:featuredmedia":[{"embeddable":true,"href":"https:\/\/alain-houpert.fr\/site\/index.php\/wp-json\/wp\/v2\/media\/1241"}],"wp:attachment":[{"href":"https:\/\/alain-houpert.fr\/site\/index.php\/wp-json\/wp\/v2\/media?parent=1238"}],"wp:term":[{"taxonomy":"category","embeddable":true,"href":"https:\/\/alain-houpert.fr\/site\/index.php\/wp-json\/wp\/v2\/categories?post=1238"},{"taxonomy":"post_tag","embeddable":true,"href":"https:\/\/alain-houpert.fr\/site\/index.php\/wp-json\/wp\/v2\/tags?post=1238"}],"curies":[{"name":"wp","href":"https:\/\/api.w.org\/{rel}","templated":true}]}}