{"id":1161,"date":"2021-12-06T14:56:55","date_gmt":"2021-12-06T13:56:55","guid":{"rendered":"http:\/\/alain-houpert.fr\/site\/?p=1161"},"modified":"2021-12-06T14:56:55","modified_gmt":"2021-12-06T13:56:55","slug":"animalisme-et-ecologie-extremiste-ca-suffit-pourquoi-nous-devons-defendre-la-chasse","status":"publish","type":"post","link":"https:\/\/alain-houpert.fr\/site\/index.php\/2021\/12\/06\/animalisme-et-ecologie-extremiste-ca-suffit-pourquoi-nous-devons-defendre-la-chasse\/","title":{"rendered":"Animalisme et \u00e9cologie extr\u00e9miste&#160;: \u00e7a suffit&#160;!  Pourquoi nous devons d\u00e9fendre la chasse&#160;?"},"content":{"rendered":"<p style=\"text-align: justify;\"><strong><em>Tribune \u00e0 para\u00eetre dans le magazine Jour de Chasse propos\u00e9e par mon coll\u00e8gue Jean-No\u00ebl CARDOUX, Pr\u00e9sident du bureau d&rsquo;\u00e9tudes Chasse et p\u00eache du S\u00e9nat.<\/em><\/strong><\/p>\n<p style=\"text-align: justify;\">Nous, signataires de cette tribune, ne nous insurgeons pas contre l\u2019\u00e9cologie, contre le progr\u00e8s, mais \u2013 r\u00e9solument, et avec force \u2013 contre une certaine conception de l\u2019\u00e9cologie et du progr\u00e8s qui r\u00eave de <em>r\u00e9duire<\/em> l\u2019homme, et de lui retirer toute m\u00e9moire\u2026 Punitive, d\u00e9magogique, cette tendance de la \u2018\u2018mouvance verte\u2019\u2019 semble se radicaliser, singuli\u00e8rement sous l\u2019influence grandissante des th\u00e8ses animalistes, et vouloir effacer tout ce qui, au c\u0153ur des territoires, ne correspond pas \u00e0 ses id\u00e9aux. Au premier chef, bien entendu, la chasse \u2013 et la diversit\u00e9 des modes de vie qu\u2019elle recouvre.<\/p>\n<p style=\"text-align: justify;\">Parmi nous, d\u2019aucuns sont chasseurs, d\u2019autres non. Certains ont re\u00e7u la chasse en h\u00e9ritage, d\u2019autres y sont venus tardivement, quand d\u2019autres, encore, ne seront jamais des disciples d\u00e9clar\u00e9s de saint Hubert. Pourtant, en d\u00e9pit de ces diff\u00e9rences, nous, signataires, estimons qu\u2019il est de notre devoir, tout d\u2019abord, de d\u00e9noncer l\u2019acharnement \u00e9hont\u00e9 dont la chasse fait actuellement l\u2019objet, et, ensuite, d\u2019attirer l\u2019attention sur un ph\u00e9nom\u00e8ne que nombre de nos concitoyens paraissent sous-estimer&#160;: la volont\u00e9 d\u2019interdire toute pratique cyn\u00e9g\u00e9tique \u2013 progressivement ou imm\u00e9diatement \u2013 n\u2019est que le premier acte d\u2019un mouvement de fond beaucoup plus large, fallacieux et dangereux.<\/p>\n<p style=\"text-align: justify;\">Un sapin de No\u00ebl qui dispara\u00eet d\u2019une place bien connue. Des abattoirs, des boucheries et des poissonneries vandalis\u00e9s. La nourriture carn\u00e9e qui dispara\u00eet du menu de certaines cantines \u2013 comme, r\u00e9cemment, \u00e0 l\u2019universit\u00e9 de Lucerne, ou dans les 34 restos U de Berlin. Des \u2018\u2018Nouveaux fermiers\u2019\u2019, d\u00e9sormais implant\u00e9s sur notre sol, qui <em>\u00ab&#160;r\u00e9inventent la viande \u00e0 partir d\u2019ingr\u00e9dients 100&#160;% v\u00e9g\u00e9taux&#160;\u00bb<\/em> \u2013 alors que de vrais fermiers disparaissent, eux, et meurent. Du poisson sans poisson, l\u00e0 encore \u00e0 base de v\u00e9g\u00e9taux, mis au point par des startups am\u00e9ricaines pour se substituer aux p\u00eacheurs professionnels. La p\u00eache de loisir menac\u00e9e d\u2019interdiction, tout comme le seul fait de monter \u00e0 cheval. Les passionn\u00e9s de v\u00e9hicules automobiles mis au banc des accus\u00e9s. Le Tour de France stigmatis\u00e9 parce que <em>\u00ab&#160;machiste&#160;\u00bb<\/em> et <em>\u00ab&#160;polluant&#160;\u00bb<\/em>. Les zoos, les dresseurs point\u00e9s du doigt. De vastes territoires acquis pour \u00eatre \u2018\u2018r\u00e9ensauvag\u00e9s\u2019\u2019, c\u2019est-\u00e0-dire litt\u00e9ralement livr\u00e9s \u00e0 eux-m\u00eames. Des monceaux de propagande \u2018\u2018\u00e9cologique\u2019\u2019 enrob\u00e9s de bien-pensance et v\u00e9hicul\u00e9s par des <em>peoples<\/em> en mal de nobles causes. Des rats et des punaises de lit \u00e9lev\u00e9s au rang de <em>\u00ab&#160;commensaux&#160;\u00bb<\/em> parce que, voyez-vous, nous devons \u00eatre <em>\u00ab&#160;bienveillants&#160;\u00bb<\/em> \u00e0 l\u2019\u00e9gard des <em>\u00ab&#160;<\/em><em>animaux non humains&#160;\u00bb<\/em>\u2026<\/p>\n<p style=\"text-align: justify;\">Tout cela n\u2019est qu\u2019un d\u00e9but. Le d\u00e9but de bouleversements profonds, que le traitement r\u00e9serv\u00e9 en ce moment m\u00eame \u00e0 la chasse \u2013 cible facile, \u2018\u2018probl\u00e8me\u2019\u2019 mineur \u2013 est en train de r\u00e9v\u00e9ler.<\/p>\n<p style=\"text-align: justify;\">S\u2019il a jadis attir\u00e9 l\u2019attention sur de v\u00e9ritables questions, le \u2018\u2018vert\u2019\u2019 n\u2019est plus, en 2021, la couleur de l\u2019espoir \u2013 mais celle de l\u2019intimidation syst\u00e9matique, voire de la tentation totalitaire. Aujourd\u2019hui, en effet, une poign\u00e9e d\u2019inquisiteurs confisque l\u2019espace public \u00e0 seule fin de transformer la nature en une sorte d\u2019\u00c9den au sein duquel l\u2019humanit\u00e9 devrait faire figure, au mieux, de spectateur b\u00e2illonn\u00e9 et menott\u00e9. Depuis plusieurs ann\u00e9es, sinon plusieurs d\u00e9cennies, un vent de remise en cause radicale souffle sur notre pays \u2013 ses m\u0153urs, ses usages, ses traditions. Non seulement il souffle, mais il s\u2019intensifie, presque de jour en jour. Le pass\u00e9, les acquis mill\u00e9naires, tout ce qui fut transmis, \u00e9prouv\u00e9 et parfait au fil d\u2019innombrables g\u00e9n\u00e9rations est maintenant frapp\u00e9 de suspicion arbitraire \u2013 pire&#160;: de d\u00e9testation automatique. <em>\u00ab&#160;Il faut d\u00e9construire&#160;!&#160;\u00bb<\/em>, r\u00e9p\u00e8tent-ils. Rien ne semble \u00e9chapper au couperet de leur vision qui se gargarise de raisonnements abstraits qu\u2019ils pr\u00e9tendent imposer comme l\u2019unique v\u00e9rit\u00e9 \u00e0 suivre en tout lieu. Car nous en sommes l\u00e0&#160;: au nom d\u2019une Nature personnifi\u00e9e, au nom d\u2019une plan\u00e8te <em>divinis\u00e9e<\/em> au sens propre, au nom d\u2019animaux qu\u2019il conviendra bient\u00f4t de ne plus d\u00e9signer par leur esp\u00e8ce, et que l\u2019on a, du reste, sciemment <em>r\u00e9duits \u00e0 leur capacit\u00e9 de souffrir<\/em> \u2013 on nous intime d\u2019oublier une part essentielle de notre patrimoine vivant et de nos identit\u00e9s plurielles. <em>La passion de la d\u00e9construction qui les anime est le plus s\u00fbr chemin vers le chaos moral, social, \u00e9cologique et \u00e9conomique \u00e0 venir.<\/em><\/p>\n<p style=\"text-align: justify;\">S\u2019ils sont encore minoritaires, ces gens extr\u00eamement actifs sont en train de r\u00e9ussir le prodige de r\u00e9pandre leurs th\u00e8ses dans tous les esprits et milieux \u2013 avec autant d\u2019efficacit\u00e9 que les tenants du <em>wokisme<\/em>, auxquels ils sont intimement li\u00e9s. L\u2019emprise d\u2019une telle constellation id\u00e9ologique sur la <em>doxa<\/em> (et singuli\u00e8rement chez les jeunes&#160;: pensons au ph\u00e9nom\u00e8ne Greta Thunberg) est d\u00e9sormais une \u00e9vidence, puisqu\u2019on la retrouve \u00e0 l\u2019universit\u00e9, parmi les scientifiques, dans le monde du <em>showbiz<\/em>, celui du journalisme, de la culture, du marketing\u2026 mais aussi, et c\u2019est tr\u00e8s important, dans la sph\u00e8re politique, laquelle est r\u00e9guli\u00e8rement somm\u00e9e de se prononcer devant ce tribunal particuli\u00e8rement intransigeant qui accapare tout de l\u2019\u00e9cologie.<\/p>\n<p style=\"text-align: justify;\">Pas un jour sans injonctions \u00e0 vivre autrement, <em>parce qu\u2019il en va de l\u2019avenir de la Terre<\/em>. Pas un jour sans injonctions \u00e0 \u00eatre \u2018\u2018\u00e9thique\u2019\u2019 ou \u2018\u2018\u00e9coresponsable\u2019\u2019, <em>parce que la biodiversit\u00e9, <\/em>ass\u00e8nent-ils,<em> est totalement aux abois<\/em>. Pas un jour sans que l\u2019on ne crie aux oreilles de tous&#160;: <em>\u00ab&#160;Vous \u00eates coupables&#160;! Honte \u00e0 vous&#160;!&#160;\u00bb <\/em>ou<em> \u00ab&#160;<strong>\u00a0<\/strong>Indignez-vous&#160;!&#160;\u00bb<\/em><\/p>\n<p style=\"text-align: justify;\">Comment imaginer, d\u00e8s lors, qu\u2019une partie de l\u2019opinion ne se sente pas oblig\u00e9e de rejoindre au plus vite ces crois\u00e9s d\u2019un nouveau genre&#160;? Comment imaginer que, dans une telle atmosph\u00e8re \u2013 m\u00e9lange de puret\u00e9 morale et de terreur bienveillante \u2013, certains de nos contemporains ne soient pas tent\u00e9s de se mettre, eux aussi, en qu\u00eate de <em>d\u00e9viants<\/em> \u00e0 d\u00e9noncer, \u00e0 condamner&#160;? Ce n\u2019est pas aux seules cons\u00e9quences que nous avons le devoir de nous opposer, mais \u00e0 l\u2019agr\u00e9gat d\u2019utopies qui les rend possibles, et qui se nourrit d\u2019un catastrophisme entretenu \u00e0 dessein par les propagandistes du Bien.<\/p>\n<p style=\"text-align: justify;\">Que notre rapport \u00e0 l\u2019animal soit perfectible, et que la biodiversit\u00e9 subisse une forme d\u2019\u00e9rosion qu\u2019il conviendrait d\u2019identifier et d\u2019enrayer \u2013 personne ne le conteste. Cependant, leur objectif est tout autre&#160;: <em>ils r\u00eavent d\u2019une mise sous cloche de la nature et d\u2019une mise au fer de l\u2019humanit\u00e9.<\/em><\/p>\n<p style=\"text-align: justify;\">Au vrai, nous nous trouvons \u00e0 un<em> tournant civilisationnel qui, sous couvert d\u2019appliquer partout le fameux principe d\u2019inclusion, ouvre en r\u00e9alit\u00e9 la porte \u00e0 une multitude d\u2019exclusions<\/em>&#160;: que vaut telle pratique culturelle ancestrale locale, face au rouleau compresseur d\u2019une \u00e9thique sans racine&#160;? Comment le fait de capturer tel gibier par l\u2019acte de chasse ou simplement d\u2019utiliser l\u2019animal serait-il justifiable, dans un univers moral qui s\u2019impose le v\u00e9g\u00e9tarisme voire le v\u00e9ganisme comme fin ultime&#160;? Comment la moindre intervention de l\u2019homme sur les espaces naturels serait-elle dor\u00e9navant l\u00e9gitime, quand on r\u00e9p\u00e8te \u00e0 l\u2019envi que ledit homme est essentiellement destructeur, et que la nature, au fond, se d\u00e9brouille bien mieux toute seule&#160;?<\/p>\n<p style=\"text-align: justify;\">Nous perdons le sens de la mesure \u2013 celui qui nous permet encore de faire la diff\u00e9rence entre l\u2019\u00e9levage industriel et l\u2019\u00e9levage traditionnel, entre la chasse et le braconnage, entre l\u2019agriculture intensive et l\u2019agriculture raisonn\u00e9e, entre l\u2019amour de la nature et son id\u00e9alisation, entre ce qui est intol\u00e9rable et ce qui <em>doit \u00eatre accept\u00e9<\/em>. Nous c\u00e9dons aux animalistes toutes les questions relatives aux animaux, aux chantres de l\u2019urgence climatique toutes les questions relatives au climat, comme on c\u00e8derait \u00e0 un \u00e9l\u00e8ve de six ans les r\u00eanes du minist\u00e8re de l\u2019\u00c9ducation nationale.<\/p>\n<p style=\"text-align: justify;\">Voil\u00e0 pourquoi, nous, signataires de cette tribune, lan\u00e7ons un appel. Un appel \u00e0 l\u2019adresse de ceux qui ne peuvent plus supporter le diktat qu\u2019infligent \u00e0 toutes les consciences les purs autoproclam\u00e9s de l\u2019\u00e9cologie. Alors que les \u00e9lections pr\u00e9sidentielles approchent, que nous assistons \u00e0 une surench\u00e8re de propositions aberrantes de la part d\u2019id\u00e9ologues plus d\u00e9sireux de d\u00e9truire que capables de b\u00e2tir, il revient \u00e0 l\u2019opinion publique de dire <em>non<\/em> aux animalistes et aux catastrophistes de tout poil, qui se drapent dans un manich\u00e9isme moral d\u2019autant plus perfide qu\u2019il pr\u00e9tend relever de l\u2019humanisme. Il revient \u00e0 l\u2019opinion publique de se dresser \u00e9nergiquement contre le pros\u00e9lytisme extr\u00e9miste qui voudrait que nous rompions radicalement avec tout notre pass\u00e9 \u2013 parce qu\u2019une coterie d\u2019illumin\u00e9s a soudain d\u00e9couvert l\u2019existence de la souffrance et de la mort, et a tout bonnement d\u00e9cid\u00e9 de les <em>cong\u00e9dier<\/em>, avec, parfois, l\u2019appui de puissances financi\u00e8res colossales, et uniquement motiv\u00e9es par la perspective de tr\u00e8s juteux retours sur investissement. Il nous revient \u00e0 tous de freiner le vent de folie qui est en passe d\u2019emporter notre libre-arbitre, et d\u2019opposer une fin de non-recevoir cat\u00e9gorique aux pr\u00e9dicateurs de l\u2019apocalypse, aux passionn\u00e9s de la table rase qui ont tout int\u00e9r\u00eat \u00e0 nous faire croire que <em>la fin est proche<\/em> \u2013 parce qu\u2019ils soupirent apr\u00e8s l\u2019av\u00e8nement d\u2019un homme et d\u2019un monde neufs.<\/p>\n<p style=\"text-align: justify;\">Les chasseurs, r\u00e9p\u00e9tons-le, sont en premi\u00e8re ligne aujourd\u2019hui. Cependant, bient\u00f4t \u2013 dans un an, dans un mois, demain \u2013, c\u2019est l\u2019ensemble de notre rapport imm\u00e9morial \u00e0 l\u2019animal domestique ou sauvage et \u00e0 la nature qui sera interrog\u00e9, attaqu\u00e9, somm\u00e9 de montrer patte blanche, et sans doute aboli. Le rejet de la pr\u00e9tendue \u2018\u2018domination\u2019\u2019 sous toutes ses formes et la volont\u00e9 de briser les cha\u00eenes pr\u00e9sum\u00e9es de l\u2019anthropocentrisme frapperont de plein fouet, <em>et avec les meilleures intentions<\/em>, aussi bien les \u00e9leveurs, les agriculteurs, les p\u00eacheurs, les bouchers, les fauconniers, les cavaliers ou les amoureux du cirque, que les sylviculteurs, les taxidermistes, les gastronomes, les aquaculteurs, les apiculteurs ou encore les mushers\u2026 La liste n\u2019est \u00e9videmment pas exhaustive, mais elle donne une id\u00e9e de l\u2019ampleur du front qui, organis\u00e9, conscient de sa force, serait capable de contrarier les architectes du monde terrifiant qui se pr\u00e9figure.<\/p>\n<p style=\"text-align: justify;\">Face aux contempteurs du pass\u00e9, prenons garde de ne pas sacrifier la chasse en se disant que le vent finira par tomber&#160;: ce serait la pire des m\u00e9prises. Nous en appelons donc solennellement \u00e0 l\u2019unit\u00e9 contre l\u2019extr\u00e9misme vert qui, imperm\u00e9able au d\u00e9bat et prompt \u00e0 p\u00e9n\u00e9trer les esprits, se donne pour priorit\u00e9 absolue de bannir toutes les pratiques, toutes les professions, toutes les traditions et tous les usages qui ne correspondent pas \u00e0 son cadre id\u00e9ologique. Interpellons nos politiques, manifestons ensemble, faisons entendre notre voix, et, surtout, <em>ne nous trompons pas d\u2019adversaire<\/em>&#160;: il y a urgence&#160;!<\/p>\n\n<div class=\"twitter-share\"><a href=\"https:\/\/twitter.com\/intent\/tweet?via=alainhoupert\" class=\"twitter-share-button\">Tweet<\/a><\/div>\n","protected":false},"excerpt":{"rendered":"<p>Tribune \u00e0 para\u00eetre dans le magazine Jour de Chasse propos\u00e9e par mon coll\u00e8gue Jean-No\u00ebl CARDOUX, Pr\u00e9sident du bureau d&rsquo;\u00e9tudes Chasse et p\u00eache du S\u00e9nat. Nous, &hellip; <\/p>\n","protected":false},"author":2,"featured_media":1162,"comment_status":"open","ping_status":"open","sticky":false,"template":"","format":"standard","meta":[],"categories":[9],"tags":[],"_links":{"self":[{"href":"https:\/\/alain-houpert.fr\/site\/index.php\/wp-json\/wp\/v2\/posts\/1161"}],"collection":[{"href":"https:\/\/alain-houpert.fr\/site\/index.php\/wp-json\/wp\/v2\/posts"}],"about":[{"href":"https:\/\/alain-houpert.fr\/site\/index.php\/wp-json\/wp\/v2\/types\/post"}],"author":[{"embeddable":true,"href":"https:\/\/alain-houpert.fr\/site\/index.php\/wp-json\/wp\/v2\/users\/2"}],"replies":[{"embeddable":true,"href":"https:\/\/alain-houpert.fr\/site\/index.php\/wp-json\/wp\/v2\/comments?post=1161"}],"version-history":[{"count":1,"href":"https:\/\/alain-houpert.fr\/site\/index.php\/wp-json\/wp\/v2\/posts\/1161\/revisions"}],"predecessor-version":[{"id":1163,"href":"https:\/\/alain-houpert.fr\/site\/index.php\/wp-json\/wp\/v2\/posts\/1161\/revisions\/1163"}],"wp:featuredmedia":[{"embeddable":true,"href":"https:\/\/alain-houpert.fr\/site\/index.php\/wp-json\/wp\/v2\/media\/1162"}],"wp:attachment":[{"href":"https:\/\/alain-houpert.fr\/site\/index.php\/wp-json\/wp\/v2\/media?parent=1161"}],"wp:term":[{"taxonomy":"category","embeddable":true,"href":"https:\/\/alain-houpert.fr\/site\/index.php\/wp-json\/wp\/v2\/categories?post=1161"},{"taxonomy":"post_tag","embeddable":true,"href":"https:\/\/alain-houpert.fr\/site\/index.php\/wp-json\/wp\/v2\/tags?post=1161"}],"curies":[{"name":"wp","href":"https:\/\/api.w.org\/{rel}","templated":true}]}}