{"id":1083,"date":"2021-10-06T08:47:38","date_gmt":"2021-10-06T07:47:38","guid":{"rendered":"http:\/\/alain-houpert.fr\/site\/?p=1083"},"modified":"2021-10-12T16:23:04","modified_gmt":"2021-10-12T15:23:04","slug":"la-rochepot-le-maire-de-beaune-alain-suguenot-et-le-senateur-de-la-cote-dor-alain-houpert-se-mobilisent-pour-sauver-les-meubles-du-chateau","status":"publish","type":"post","link":"https:\/\/alain-houpert.fr\/site\/index.php\/2021\/10\/06\/la-rochepot-le-maire-de-beaune-alain-suguenot-et-le-senateur-de-la-cote-dor-alain-houpert-se-mobilisent-pour-sauver-les-meubles-du-chateau\/","title":{"rendered":"La Rochepot\u00a0Le maire de Beaune Alain Suguenot et le s\u00e9nateur de la C\u00f4te-d&rsquo;Or Alain Houpert se mobilisent pour sauver les meubles du ch\u00e2teau"},"content":{"rendered":"<div class=\"non-paywall\">\n<p>EXTRAIT DE <a href=\"https:\/\/www.bienpublic.com\/societe\/2021\/10\/05\/le-maire-de-beaune-alain-suguenot-et-le-senateur-de-la-cote-d-or-alain-houpert-se-mobilisent-pour-sauver-les-meubles-du-chateau\">LE BIEN PUBLIC<\/a><\/p>\n<p class=\"chapo\">Le 10 octobre prochain, les meubles du ch\u00e2teau de La Rochepot seront propos\u00e9s aux ench\u00e8res, ce qui indigne les \u00e9lus, dont le maire de Beaune Alain Suguenot et le s\u00e9nateur de la C\u00f4te-d&rsquo;Or Alain Houpert.<\/p>\n<div class=\"infos\">Par <span class=\"author\">C. Pe.<\/span> &#8211; <span class=\"publish\">05 oct. 2021 \u00e0 15:45 | mis \u00e0 jour le 05 oct. 2021 \u00e0 17:06 &#8211; Temps de lecture&#160;: <span id=\"readingTime\">2 min<\/span><\/span><\/div>\n<\/div>\n<div class=\"fullDetailActions\"><span class=\"bookmark_separator\">\u00a0|\u00a0<\/span> <span id=\"viewcount-info-increment\" class=\"viewcount-info\">Vu 7018 fois<\/span><\/div>\n<div class=\"paywall1\">\n<div class=\"illustration\">\n<figure class=\"mainImage\"><a class=\"chocolat-image GA-tracking\" title=\"Photo LBP\/Manuel DESBOIS\" href=\"https:\/\/cdn-s-www.bienpublic.com\/images\/C4CD32F4-762D-478F-A99E-2E8ED0099A79\/NW_raw\/photo-lbp-manuel-desbois-1633444245.jpg\" data-ga_type=\"click\" data-ga_category=\"D\u00e9tail\" data-ga_action=\"zoomer\" data-ga_label=\"aggrandir image\"><img src=\"https:\/\/cdn-s-www.bienpublic.com\/images\/C4CD32F4-762D-478F-A99E-2E8ED0099A79\/NW_detail\/title-1633444245.jpg\" alt=\"\" data-mobile=\"NW_detail_M|1633444245\" data-base=\"NW_detail|1633444245\" \/><\/a><figcaption class=\"caption\">Photo LBP\/Manuel DESBOIS<\/figcaption><\/figure>\n<\/div>\n<\/div>\n<div class=\"col_main\">\n<div class=\"content\">\n<p>&nbsp;<\/p>\n<div class=\"paywall2\">\n<div class=\"innerContent noPrint\">\n<div id=\"pub-dfp-p6\" class=\"pub\" data-google-query-id=\"CIyNseyNxfMCFQNEHQkdjeoPxg\">\n<div class=\"teads-inread sm-screen\">\n<div id=\"pub-dfp-p6-gallery\" class=\"pub\"><\/div>\n<\/div>\n<div class=\"textComponent element1\">\n<p>Dans le cadre de l&rsquo;affaire judiciaire concernant les propri\u00e9taires du ch\u00e2teau de La Rochepot, ses meubles seront propos\u00e9s aux ench\u00e8res dimanche 10 octobre prochain, dans l&rsquo;apr\u00e8s-midi. Apr\u00e8s <a href=\"https:\/\/www.bienpublic.com\/culture-loisirs\/2021\/10\/03\/ils-restent-mobilises-contre-la-vente-des-objets-du-chateau\" target=\"_blank\" rel=\"noopener noreferrer\">la <\/a><a href=\"https:\/\/www.bienpublic.com\/culture-loisirs\/2021\/10\/03\/ils-restent-mobilises-contre-la-vente-des-objets-du-chateau\" target=\"_blank\" rel=\"noopener noreferrer\">mobilisation des habitants et le lancement d&rsquo;une p\u00e9tition<\/a>, les \u00e9lus locaux font entendre leur voix. C&rsquo;est le cas du maire de Beaune Alain Suguenot et\u00a0du s\u00e9nateur de la C\u00f4te-d&rsquo;Or Alain Houpert.<\/p>\n<\/div>\n<div class=\"insetComponent\">\n<figure><a class=\"chocolat-image GA-tracking\" title=\"Photo LBP\/Manuel DESBOIS\" href=\"https:\/\/cdn-s-www.bienpublic.com\/images\/3dd07a83-270d-4849-b7c4-2eb1281e68e3\/NW_raw\/photo-lbp-manuel-desbois-1633444245.jpg\" data-ga_type=\"click\" data-ga_category=\"D\u00e9tail\" data-ga_action=\"zoomer\" data-ga_label=\"agrandir image\"><img class=\" lazyloaded\" src=\"https:\/\/cdn-s-www.bienpublic.com\/images\/3dd07a83-270d-4849-b7c4-2eb1281e68e3\/NW_listE\/photo-lbp-manuel-desbois-1633444245.jpg\" alt=\"Photo LBP\/Manuel DESBOIS\" data-src=\"https:\/\/cdn-s-www.bienpublic.com\/images\/3dd07a83-270d-4849-b7c4-2eb1281e68e3\/NW_listE\/photo-lbp-manuel-desbois-1633444245.jpg\" \/><\/a><\/figure>\n<div class=\"insetContent\">\n<p class=\"insetTitle\">Alain Suguenot&#160;: \u00ab&#160;Il est n\u00e9cessaire de diff\u00e9rer cette vente&#160;\u00bb<\/p>\n<p>\u00ab&#160;En ma qualit\u00e9 de Pr\u00e9sident de la Communaut\u00e9 d&rsquo;Agglom\u00e9ration pensant en effet, que s&rsquo;agissant d&rsquo;un monument inscrit \u00e0 l&rsquo;inventaire suppl\u00e9mentaire des Monuments Historiques, l&rsquo;\u00c9tat doit avoir un regard attentif sur l&rsquo;\u00e9ventuelle dispersion de son mobilier. Un monument vid\u00e9 de l&rsquo;int\u00e9gralit\u00e9 de son mobilier, perd bien \u00e9videmment non seulement la valeur symbolique qu&rsquo;il repr\u00e9sentait, mais \u00e9galement une partie de sa valeur patrimoniale puisqu&rsquo;un acqu\u00e9reur \u00e9ventuel devrait le remeubler totalement. Il est n\u00e9cessaire aujourd&rsquo;hui de diff\u00e9rer cette vente, des acqu\u00e9reurs de l&rsquo;ensemble immobilier et mobilier se manifestant aupr\u00e8s de nous.&#160;\u00bb<\/p>\n<\/div>\n<\/div>\n<div class=\"insetComponent\">\n<figure><a class=\"chocolat-image GA-tracking\" title=\"Photo Gilles DUPONT\" href=\"https:\/\/cdn-s-www.bienpublic.com\/images\/86b5c888-e4dc-46ff-a20a-4af7696c3d14\/NW_raw\/photo-gilles-dupont-1633444245.jpg\" data-ga_type=\"click\" data-ga_category=\"D\u00e9tail\" data-ga_action=\"zoomer\" data-ga_label=\"agrandir image\"><img class=\" lazyloaded\" src=\"https:\/\/cdn-s-www.bienpublic.com\/images\/86b5c888-e4dc-46ff-a20a-4af7696c3d14\/NW_listE\/photo-gilles-dupont-1633444245.jpg\" alt=\"Photo Gilles DUPONT\" data-src=\"https:\/\/cdn-s-www.bienpublic.com\/images\/86b5c888-e4dc-46ff-a20a-4af7696c3d14\/NW_listE\/photo-gilles-dupont-1633444245.jpg\" \/><\/a><\/figure>\n<div class=\"insetContent\">\n<p class=\"insetTitle\">Alain Houpert&#160;: \u00ab&#160;Sauvez La Rochepot&#160;!&#160;\u00bb<\/p>\n<p>\u00ab&#160;C&rsquo;est tout un patrimoine local et une partie de l&rsquo;histoire de notre pays qui vont \u00eatre vendus au plus offrant&#160;: un bien triste \u00e9pilogue pour ce b\u00e2timent exceptionnel et un cr\u00e8ve-c\u0153ur pour tous les amoureux de ce ch\u00e2teau. Il ne s&rsquo;agit pas l\u00e0 de s&rsquo;opposer \u00e0 une d\u00e9cision de justice. Cette lettre ouverte\u00a0est plut\u00f4t un rappel de l&rsquo;histoire glorieuse de La Rochepot et une supplique pour que les pouvoirs publics sauvent ce pan de notre patrimoine et de notre histoire. Que signifient ces meubles, ces objets, les livres de la biblioth\u00e8que sans leur \u00e9crin&#160;? Que signifiera le ch\u00e2teau vid\u00e9, d\u00e9pouill\u00e9, abandonn\u00e9 sinon une froide op\u00e9ration immobili\u00e8re \u00e0 venir, un r\u00e8glement de comptes entre cr\u00e9anciers et promoteurs sans m\u00e9moire&#160;? J&rsquo;en appelle donc solennellement au pr\u00e9sident du d\u00e9partement de la C\u00f4te-d&rsquo;Or, \u00e0 la pr\u00e9sidente de la r\u00e9gion Bourgogne-Franche-Comt\u00e9 et madame la ministre de la Culture&#160;: sauvez La Rochepot&#160;!&#160;\u00bb<\/p>\n<\/div>\n<\/div>\n<div class=\"textComponent element4\">\n<p>La lettre d&rsquo;Alain Suguenot a \u00e9t\u00e9 adress\u00e9e au pr\u00e9fet de la C\u00f4te-d&rsquo;Or Fabien Sudry et celle d&rsquo;Alain Houpert\u00a0au pr\u00e9sident du d\u00e9partement\u00a0Fran\u00e7ois Sauvadet, \u00e0 la pr\u00e9sidente de la r\u00e9gion\u00a0Marie-Guite Dufay et \u00e0 la ministre de la Culture\u00a0Roselyne Bachelot ce mardi 5 octobre.<\/p>\n<\/div>\n<\/div>\n<\/div>\n<\/div>\n<\/div>\n<\/div>\n\n<div class=\"twitter-share\"><a href=\"https:\/\/twitter.com\/intent\/tweet?via=alainhoupert\" class=\"twitter-share-button\">Tweet<\/a><\/div>\n","protected":false},"excerpt":{"rendered":"<p>EXTRAIT DE LE BIEN PUBLIC Le 10 octobre prochain, les meubles du ch\u00e2teau de La Rochepot seront propos\u00e9s aux ench\u00e8res, ce qui indigne les \u00e9lus, &hellip; <\/p>\n","protected":false},"author":2,"featured_media":1085,"comment_status":"open","ping_status":"open","sticky":false,"template":"","format":"standard","meta":[],"categories":[1],"tags":[],"_links":{"self":[{"href":"https:\/\/alain-houpert.fr\/site\/index.php\/wp-json\/wp\/v2\/posts\/1083"}],"collection":[{"href":"https:\/\/alain-houpert.fr\/site\/index.php\/wp-json\/wp\/v2\/posts"}],"about":[{"href":"https:\/\/alain-houpert.fr\/site\/index.php\/wp-json\/wp\/v2\/types\/post"}],"author":[{"embeddable":true,"href":"https:\/\/alain-houpert.fr\/site\/index.php\/wp-json\/wp\/v2\/users\/2"}],"replies":[{"embeddable":true,"href":"https:\/\/alain-houpert.fr\/site\/index.php\/wp-json\/wp\/v2\/comments?post=1083"}],"version-history":[{"count":3,"href":"https:\/\/alain-houpert.fr\/site\/index.php\/wp-json\/wp\/v2\/posts\/1083\/revisions"}],"predecessor-version":[{"id":1087,"href":"https:\/\/alain-houpert.fr\/site\/index.php\/wp-json\/wp\/v2\/posts\/1083\/revisions\/1087"}],"wp:featuredmedia":[{"embeddable":true,"href":"https:\/\/alain-houpert.fr\/site\/index.php\/wp-json\/wp\/v2\/media\/1085"}],"wp:attachment":[{"href":"https:\/\/alain-houpert.fr\/site\/index.php\/wp-json\/wp\/v2\/media?parent=1083"}],"wp:term":[{"taxonomy":"category","embeddable":true,"href":"https:\/\/alain-houpert.fr\/site\/index.php\/wp-json\/wp\/v2\/categories?post=1083"},{"taxonomy":"post_tag","embeddable":true,"href":"https:\/\/alain-houpert.fr\/site\/index.php\/wp-json\/wp\/v2\/tags?post=1083"}],"curies":[{"name":"wp","href":"https:\/\/api.w.org\/{rel}","templated":true}]}}