{"id":1079,"date":"2021-10-07T11:04:33","date_gmt":"2021-10-07T10:04:33","guid":{"rendered":"http:\/\/alain-houpert.fr\/site\/?p=1079"},"modified":"2021-10-12T16:10:30","modified_gmt":"2021-10-12T15:10:30","slug":"de-futurs-medecins-interroges-sur-les-coraux","status":"publish","type":"post","link":"https:\/\/alain-houpert.fr\/site\/index.php\/2021\/10\/07\/de-futurs-medecins-interroges-sur-les-coraux\/","title":{"rendered":"De futurs m\u00e9decins interrog\u00e9s sur&#8230; les coraux&#160;!"},"content":{"rendered":"<header class=\"article__head field-group-html-element\">\n<div class=\"field field-name-field-chapo field-type-text-long field-label-hidden\">\n<div class=\"field-items\">\n<div class=\"field-item even\">\n<h2><\/h2>\n<div style=\"width: 1200px;\" class=\"wp-video\"><!--[if lt IE 9]><script>document.createElement('video');<\/script><![endif]-->\n<video class=\"wp-video-shortcode\" id=\"video-1079-1\" width=\"1200\" height=\"675\" preload=\"metadata\" controls=\"controls\"><source type=\"video\/mp4\" src=\"http:\/\/alain-houpert.fr\/site\/wp-content\/uploads\/2021\/10\/encoder1_20211006145045_1_4540000_4777000.mp4?_=1\" \/><a href=\"http:\/\/alain-houpert.fr\/site\/wp-content\/uploads\/2021\/10\/encoder1_20211006145045_1_4540000_4777000.mp4\">http:\/\/alain-houpert.fr\/site\/wp-content\/uploads\/2021\/10\/encoder1_20211006145045_1_4540000_4777000.mp4<\/a><\/video><\/div>\n<h2>J&rsquo;ai interrog\u00e9 la ministre de l&rsquo;Enseignement sup\u00e9rieur \u00e0 propos des \u00e9tudiants de premi\u00e8re ann\u00e9e \u00a0de m\u00e9decine injustement recal\u00e9s suite \u00e0 la r\u00e9forme de l&rsquo;examen. C&rsquo;est peu dire que sa r\u00e9ponse a laiss\u00e9 perplexe&#8230;<\/h2>\n<p>La s\u00e9ance de Question d&rsquo;Actualit\u00e9 au Gouvernement (QAG) est l&rsquo;occasion d&rsquo;interpeller en face \u00e0 face les ministres sur des points pr\u00e9cis. En l&rsquo;occurence, il s&rsquo;agissait d&rsquo;alerter Fr\u00e9d\u00e9rique Vidal, ministre de l&rsquo;enseignement sup\u00e9rieur, sur la r\u00e9forme de l&rsquo;examen de premi\u00e8re ann\u00e9e de m\u00e9decine qui a conduit des \u00e9tudiants \u00e0 s&rsquo;exprimer sur des sujets totalement hors de propos (le racisme ou les massifs coralliens&#8230;) Des \u00e9tudiants brillants \u00e0 l&rsquo;\u00e9crit ont donc \u00e9t\u00e9 recal\u00e9s et plusieurs ont saisi la justice. Pas de quoi faire r\u00e9fl\u00e9chir l&rsquo;ex\u00e9cutif qui reporte la responsabilit\u00e9 sur les jurys d&rsquo;universit\u00e9s.<\/p>\n<h2><\/h2>\n<\/div>\n<\/div>\n<\/div>\n<div class=\"article__head__banner field-group-html-element\">\n<div class=\"field field-name-field-article-duree field-type-list-text field-label-hidden\">\n<div class=\"field-items\">\n<div class=\"field-item even\"><\/div>\n<\/div>\n<\/div>\n<\/div>\n<\/header>\n<section class=\"article__content field-group-html-element\">\n<div class=\"field field-name-field-contenu field-type-text-long field-label-hidden\">\n<div class=\"field-items\">\n<div class=\"field-item even\">\n<p>&nbsp;<\/p>\n<\/div>\n<\/div>\n<\/div>\n<\/section>\n\n<div class=\"twitter-share\"><a href=\"https:\/\/twitter.com\/intent\/tweet?via=alainhoupert\" class=\"twitter-share-button\">Tweet<\/a><\/div>\n","protected":false},"excerpt":{"rendered":"<p>\u00ab\u00a0Si je veux en savoir plus sur les coraux, je ne vais pas chez mon m\u00e9decin, j&rsquo;appelle l&rsquo;Ifremer !\u00a0\u00bb<\/p>\n","protected":false},"author":2,"featured_media":1094,"comment_status":"open","ping_status":"open","sticky":false,"template":"","format":"standard","meta":[],"categories":[78,79,6],"tags":[],"_links":{"self":[{"href":"https:\/\/alain-houpert.fr\/site\/index.php\/wp-json\/wp\/v2\/posts\/1079"}],"collection":[{"href":"https:\/\/alain-houpert.fr\/site\/index.php\/wp-json\/wp\/v2\/posts"}],"about":[{"href":"https:\/\/alain-houpert.fr\/site\/index.php\/wp-json\/wp\/v2\/types\/post"}],"author":[{"embeddable":true,"href":"https:\/\/alain-houpert.fr\/site\/index.php\/wp-json\/wp\/v2\/users\/2"}],"replies":[{"embeddable":true,"href":"https:\/\/alain-houpert.fr\/site\/index.php\/wp-json\/wp\/v2\/comments?post=1079"}],"version-history":[{"count":1,"href":"https:\/\/alain-houpert.fr\/site\/index.php\/wp-json\/wp\/v2\/posts\/1079\/revisions"}],"predecessor-version":[{"id":1082,"href":"https:\/\/alain-houpert.fr\/site\/index.php\/wp-json\/wp\/v2\/posts\/1079\/revisions\/1082"}],"wp:featuredmedia":[{"embeddable":true,"href":"https:\/\/alain-houpert.fr\/site\/index.php\/wp-json\/wp\/v2\/media\/1094"}],"wp:attachment":[{"href":"https:\/\/alain-houpert.fr\/site\/index.php\/wp-json\/wp\/v2\/media?parent=1079"}],"wp:term":[{"taxonomy":"category","embeddable":true,"href":"https:\/\/alain-houpert.fr\/site\/index.php\/wp-json\/wp\/v2\/categories?post=1079"},{"taxonomy":"post_tag","embeddable":true,"href":"https:\/\/alain-houpert.fr\/site\/index.php\/wp-json\/wp\/v2\/tags?post=1079"}],"curies":[{"name":"wp","href":"https:\/\/api.w.org\/{rel}","templated":true}]}}