{"id":1057,"date":"2021-04-30T10:14:53","date_gmt":"2021-04-30T09:14:53","guid":{"rendered":"http:\/\/alain-houpert.fr\/site\/?p=1057"},"modified":"2021-05-04T10:26:18","modified_gmt":"2021-05-04T09:26:18","slug":"sauvons-larboriculture-82-senateurs-interpellent-les-pouvoirs-publics-et-lopinion","status":"publish","type":"post","link":"https:\/\/alain-houpert.fr\/site\/index.php\/2021\/04\/30\/sauvons-larboriculture-82-senateurs-interpellent-les-pouvoirs-publics-et-lopinion\/","title":{"rendered":"Sauvons l\u2019arboriculture&#160;! 82 s\u00e9nateurs interpellent les pouvoirs publics et l\u2019opinion"},"content":{"rendered":"<header class=\"ArticleHeader\">\n<h2 class=\"Description H2\" style=\"text-align: justify;\">82 s\u00e9nateurs interpellent les pouvoirs publics et l\u2019opinion sur le manque de soutien \u00e0 la fili\u00e8re arboricole cons\u00e9cutivement \u00e0 l\u2019\u00e9pisode de gel.<\/h2>\n<\/header>\n<div class=\"ArticleBody FontSize--100 like-content\" data-content-type=\"mainEntityOfPage\" data-sticky=\"top:0px\">\n<p style=\"text-align: justify;\"><span class=\"dflt-txt__lettrine\">L&rsquo;<\/span>\u00e9pisode de gel d&rsquo;avril\u00a02021\u00a0a \u00e9t\u00e9 d&rsquo;une ampleur in\u00e9dite. La chute soudaine des temp\u00e9ratures, tr\u00e8s en dessous de z\u00e9ro degr\u00e9 pendant plusieurs nuits sur l&rsquo;ensemble du territoire m\u00e9tropolitain, a eu pour cons\u00e9quence d&rsquo;entra\u00eener des gel\u00e9es, noires et blanches, tr\u00e8s significativement pr\u00e9judiciables pour les cultures. Malgr\u00e9 les efforts importants d\u00e9ploy\u00e9s pour limiter les cons\u00e9quences de cet \u00e9v\u00e9nement m\u00e9t\u00e9orologique historique, ces fortes gel\u00e9es ont d\u00e9truit une grande partie des fleurs et des fruits nouvellement form\u00e9s, r\u00e9duisant drastiquement le niveau des prochaines r\u00e9coltes.<\/p>\n<p style=\"text-align: justify;\">Ce ph\u00e9nom\u00e8ne climatique exceptionnel est un cataclysme pour la fili\u00e8re arboricole.Face \u00e0 une telle calamit\u00e9, les annonces gouvernementales, originellement ambitieuses, ne sont en r\u00e9alit\u00e9\u00a0qu&rsquo;illusoires lorsqu&rsquo;on redescend \u00e0 l&rsquo;\u00e9chelle de l&rsquo;exploitation. En effet, les r\u00e9unions qui se sont tenues ces derniers jours, entre le minist\u00e8re de l&rsquo;Agriculture et de l&rsquo;Alimentation et les repr\u00e9sentants de la fili\u00e8re arboricole, n&rsquo;ont pas d\u00e9bouch\u00e9 sur des avanc\u00e9es significatives par rapport aux dispositifs inscrits dans la loi. Il a \u00e9t\u00e9 constat\u00e9 non seulement une inad\u00e9quation entre les mesures prises et la situation de l&rsquo;arboriculture, mais \u00e9galement une divergence entre la parole politique et les mesures r\u00e9elles.<\/p>\n<p style=\"text-align: justify;\">Tout d&rsquo;abord, en mati\u00e8re de calamit\u00e9s agricoles, le taux d&rsquo;indemnisation est port\u00e9 de\u00a035\u00a0\u00e0 40&#160;% du forfait d\u00e9partemental pour les seules exploitations ayant plus de 70&#160;% de perte. Cette hausse propos\u00e9e pourrait repr\u00e9senter, au mieux, une indemnisation r\u00e9\u00e9valu\u00e9e de 1\u00a0000\u00a0euros par hectare pour un arboriculteur ayant perdu la totalit\u00e9 de sa r\u00e9colte. Cela demeure tr\u00e8s insuffisant \u00e0 l&rsquo;\u00e9chelle d&rsquo;une exploitation et il faut noter que rien n&rsquo;est fait pour les arboriculteurs ayant une perte inf\u00e9rieure \u00e0 70&#160;%.<\/p>\n<p style=\"text-align: justify;\">Aussi, alors que la masse salariale repr\u00e9sente en moyenne 60&#160;% des co\u00fbts, le gouvernement a refus\u00e9 de rendre \u00e9ligibles les salari\u00e9s de la fili\u00e8re arboricole au ch\u00f4mage partiel avec une prise en charge \u00e0 100&#160;%. Cela prouve que l&rsquo;agriculture demeure, encore une fois, le parent pauvre des politiques gouvernementales&#160;!<\/p>\n<p style=\"text-align: justify;\">En ce qui concerne les aides de minimis, aucune mesure ambitieuse n&rsquo;a \u00e9t\u00e9 prise&#160;: le plafond de ces aides ne sera pas relev\u00e9 et aucun engagement sur le d\u00e9gr\u00e8vement de la taxe fonci\u00e8re sur les propri\u00e9t\u00e9s non b\u00e2ties n&rsquo;a \u00e9t\u00e9 formalis\u00e9.<\/p>\n<p style=\"text-align: justify;\">Alors que les cons\u00e9quences \u00e9conomiques des gel\u00e9es vont \u00eatre durables, les charges sociales sont simplement report\u00e9es \u00e0 l&rsquo;ann\u00e9e prochaine.<\/p>\n<p style=\"text-align: justify;\">Alors que le gouvernement ouvre l&rsquo;acc\u00e8s aux pr\u00eats garantis par l&rsquo;\u00c9tat, ce dispositif se termine en fin d&rsquo;ann\u00e9e.<\/p>\n<p style=\"text-align: justify;\">Enfin, alors qu&rsquo;une enveloppe d&rsquo;urgence devrait \u00eatre allou\u00e9e sous quinze jours aux pr\u00e9fets pour apporter un soutien imm\u00e9diat aux exploitations dans le besoin, aucune pr\u00e9cision n&rsquo;est arr\u00eat\u00e9e sur les modalit\u00e9s de demande et de versement. Toutes ces initiatives manquent de volont\u00e9, de coh\u00e9rence, de r\u00e9alisme, ou les trois \u00e0 la fois&#160;!<\/p>\n<p style=\"text-align: justify;\">Garante de la souverainet\u00e9 alimentaire et activit\u00e9 structurante dans de nombreux territoires, l&rsquo;arboriculture est un secteur d&rsquo;avenir. Pour autant, except\u00e9 un appel \u00e0 projets \u00ab&#160;al\u00e9as climatiques&#160;\u00bb dont les tenants ne sont pas adapt\u00e9s \u00e0 la r\u00e9alit\u00e9 du terrain par les plafonds trop bas et le taux de cofinancement non attractif, l&rsquo;arboriculture est quasiment absente du plan de relance \u00e9conomique. \u00c0 titre d&rsquo;illustration, la r\u00e9novation des vergers, les couvertures assurantielles ou la gestion de l&rsquo;eau sont des probl\u00e9matiques exclues de la relance \u00e9conomique, m\u00eame si quelques perspectives sont ouvertes par le ministre de l&rsquo;Agriculture et de l&rsquo;Alimentation ces derniers jours avec la promesse d&rsquo;un Varenne de l&rsquo;eau et avec la mission sur l&rsquo;assurance en agriculture.<\/p>\n<p style=\"text-align: justify;\">M\u00eame si les sommes globales engag\u00e9es sont impressionnantes, ces demi-mesures sont insuffisantes face \u00e0 la gravit\u00e9 de la situation et ne seront que peu b\u00e9n\u00e9fiques \u00e0 l&rsquo;\u00e9chelle d&rsquo;une exploitation. L&rsquo;\u00c9tat doit comprendre qu&rsquo;une exploitation ne s&rsquo;administre pas avec des superpositions de mesures, elle se g\u00e8re au quotidien avec de la passion et de l&rsquo;engagement. Nous devons \u00eatre aux c\u00f4t\u00e9s de ceux qui nous nourrissent en commen\u00e7ant par ne pas complexifier encore un peu plus la r\u00e9glementation fran\u00e7aise par un plan pollinisateur qui vise \u00e0 durcir l&rsquo;arr\u00eat\u00e9 abeille qui est d\u00e9j\u00e0 le plus restrictif d&rsquo;Europe. De m\u00eame, les contr\u00f4les avec mise en garde \u00e0 vue exerc\u00e9s sur des arboriculteurs qui cherchent \u00e0 prot\u00e9ger ce qu&rsquo;il reste de leur r\u00e9colte ne peuvent pas \u00eatre la r\u00e9ponse aveugle et insensible du minist\u00e8re de l&rsquo;Environnement \u00e0 la d\u00e9tresse de nos arboriculteurs.<\/p>\n<p style=\"text-align: justify;\">Face \u00e0 ces multiples constats, nous appelons le gouvernement \u00e0 prendre des dispositions exceptionnelles \u00e0 la hauteur des enjeux pour l&rsquo;arboriculture. Face \u00e0 I&rsquo;urgence de la situation actuelle, I&rsquo;exp\u00e9rience du terrain et de la terre doit inspirer les solutions de demain. La fili\u00e8re arboricole, et par extension une partie de l&rsquo;agriculture, en d\u00e9pend. Il y va de la survie des arboriculteurs et de la souverainet\u00e9 alimentaire de la France. Sauvons l&rsquo;arboriculture&#160;!<\/p>\n<p style=\"text-align: justify;\">*Jean-Michel Arnaud, s\u00e9nateur des Hautes-Alpes et Laurent Duplomb, s\u00e9nateur de la Haute-Loire<\/p>\n<div class=\"BeOpWidget\" style=\"text-align: justify;\"><\/div>\n<p class=\"Encart\" style=\"text-align: justify;\"><em><strong>Cosignataires&#160;:<\/strong><\/em><\/p>\n<p><em>&#8211;\u00a0Monsieur Pascal ALLIZARD, s\u00e9nateur du Calvados<\/em><br \/>\n<em>&#8211;\u00a0Monsieur Jean-Claude ANGLARS, s\u00e9nateur de l&rsquo;Aveyron<\/em><br \/>\n<em>&#8211;\u00a0Monsieur Serge BABARY, s\u00e9nateur d&rsquo;Indre-et-Loire<\/em><br \/>\n<em>&#8211;\u00a0Madame Annick BILLON, s\u00e9natrice de Vend\u00e9e<\/em><br \/>\n<em>&#8211;\u00a0Monsieur <a class=\"Link Link--entity\" href=\"https:\/\/www.lepoint.fr\/tags\/etienne-blanc\">\u00c9<\/a>tienne BLANC, s\u00e9nateur du Rh\u00f4ne<\/em><br \/>\n<em>&#8211;\u00a0Monsieur Fran\u00e7ois BONHOMME, s\u00e9nateur du Tarn-et-Garonne<\/em><br \/>\n<em>&#8211;\u00a0Monsieur Fran\u00e7ois BONNEAU, s\u00e9nateur de Charente<\/em><br \/>\n<em>&#8211;\u00a0Madame Alexandra BORCHIO FONTIMP, s\u00e9natrice des Alpes-Maritimes<\/em><br \/>\n<em>&#8211;\u00a0Monsieur Gilbert BOUCHET, s\u00e9nateur de la Dr\u00f4me<\/em><br \/>\n<em>&#8211;\u00a0Monsieur Hussein BOURGI, s\u00e9nateur de l&rsquo;H\u00e9rault<\/em><br \/>\n<em>&#8211;\u00a0Madame Toine BOURRAT, s\u00e9natrice des Yvelines<\/em><br \/>\n<em>&#8211;\u00a0Monsieur Jean-Marc BOYER, s\u00e9nateur du Puy-de-D\u00f4me<\/em><br \/>\n<em>&#8211;\u00a0Monsieur Max BRISSON s\u00e9nateur des Pyr\u00e9n\u00e9es-Atlantiques<\/em><br \/>\n<em>&#8211;\u00a0Monsieur Laurent BURGOA, s\u00e9nateur du Gard<\/em><br \/>\n<em>&#8211;\u00a0Monsieur Fran\u00e7ois CALVET, s\u00e9nateur des Pyr\u00e9n\u00e9es \u2013 Orientales<\/em><br \/>\n<em>&#8211;\u00a0Monsieur Jean-No\u00ebl CARDOUX, s\u00e9nateur du Loiret<\/em><br \/>\n<em>&#8211;\u00a0Monsieur Patrick CHAIZE, s\u00e9nateur de l&rsquo;Ain<\/em><br \/>\n<em>&#8211;\u00a0Monsieur Alain CHATILLON, s\u00e9nateur de la Haute-Garonne<\/em><br \/>\n<em>&#8211;\u00a0Madame Marie-Christine CHAUVIN, s\u00e9natrice du Jura<\/em><br \/>\n<em>&#8211;\u00a0Monsieur Guillaume CHEVROLLIER, s\u00e9nateur de la Mayenne<\/em><br \/>\n<em>&#8211;\u00a0Monsieur Olivier CIGOLOTTI, s\u00e9nateur de la Haute-Loire<\/em><br \/>\n<em>&#8211;\u00a0Madame C\u00e9cile CUKIERMAN, s\u00e9natrice de la Loire<\/em><br \/>\n<em>&#8211;\u00a0Monsieur Mathieu DARNAUD, s\u00e9nateur de l&rsquo;Ard\u00e8che<\/em><br \/>\n<em>&#8211;\u00a0Monsieur Vincent DELAHAYE, s\u00e9nateur de l&rsquo;Essonne, vice-pr\u00e9sident du S\u00e9nat<\/em><br \/>\n<em>&#8211;\u00a0Madame Nathalie DELATTRE, s\u00e9natrice de la Gironde, vice-pr\u00e9sidente du S\u00e9nat<\/em><br \/>\n<em>&#8211;\u00a0Monsieur St\u00e9phane DEMILLY, s\u00e9nateur de la Somme<\/em><br \/>\n<em>&#8211;\u00a0Madame Catherine DEROCHE, s\u00e9natrice du Maine-et-Loire, pr\u00e9sidente de la commission des Affaires sociales<\/em><br \/>\n<em>&#8211;\u00a0Madame Chantal DESEYNE, s\u00e9natrice d&rsquo;Eure-et-Loir<\/em><br \/>\n<em>&#8211;\u00a0Monsieur Yves DETRAIGNE, s\u00e9nateur de la Marne<\/em><br \/>\n<em>&#8211;\u00a0Madame Catherine DI FOLCO, s\u00e9natrice du Rh\u00f4ne<\/em><br \/>\n<em>&#8211;\u00a0Madame Nassimah DINDAR, s\u00e9natrice de La R\u00e9union<\/em><br \/>\n<em>&#8211;\u00a0Madame \u00c9lisabeth DOINEAU, s\u00e9natrice de la Mayenne<\/em><br \/>\n<em>&#8211;\u00a0Madame Sabine DREXLER, s\u00e9natrice du Haut-Rhin<\/em><br \/>\n<em>&#8211;\u00a0Madame Fran\u00e7oise FERAT, s\u00e9natrice de la Marne, secr\u00e9taire du S\u00e9nat<\/em><br \/>\n<em>&#8211;\u00a0Monsieur Bernard FOURNIER, s\u00e9nateur de la Loire<\/em><br \/>\n<em>&#8211;\u00a0Madame Laurence GARNIER, s\u00e9natrice de la Loire-Atlantique<\/em><br \/>\n<em>&#8211;\u00a0Madame Fran\u00e7oise GATEL, s\u00e9natrice d&rsquo;Ille-et-Vilaine<\/em><br \/>\n<em>&#8211;\u00a0Monsieur Fabien GENET, s\u00e9nateur de Sa\u00f4ne-et-Loire<\/em><br \/>\n<em>&#8211;\u00a0Monsieur Jean-Pierre GRAND, s\u00e9nateur de l&rsquo;H\u00e9rault<\/em><br \/>\n<em>&#8211;\u00a0Madame Jocelyne GUIDEZ, s\u00e9natrice de l&rsquo;Essonne<\/em><br \/>\n<em>&#8211;\u00a0Monsieur Ludovic HAYE, s\u00e9nateur du Haut-Rhin<\/em><br \/>\n<em>&#8211;\u00a0Monsieur Olivier HENNO, s\u00e9nateur du Nord<\/em><br \/>\n<em>&#8211;\u00a0Monsieur Lo\u00efc HERVE, s\u00e9nateur de la Savoie, secr\u00e9taire du S\u00e9nat<\/em><br \/>\n<em>&#8211;\u00a0Monsieur Alain HOUPERT, s\u00e9nateur de la C\u00f4te-d&rsquo;Or<\/em><br \/>\n<em>&#8211;\u00a0Madame Annick JACQUEMET, s\u00e9natrice du Doubs<\/em><br \/>\n<em>&#8211;\u00a0Monsieur Jean-Marie JANSSENS, s\u00e9nateur du Loir-et-Cher<\/em><br \/>\n<em>&#8211;\u00a0Monsieur Claude KERN, s\u00e9nateur du Bas-Rhin<\/em><br \/>\n<em>&#8211;\u00a0Madame Sonia de LA PROV\u00d4T\u00c9, s\u00e9natrice du Calvados<\/em><br \/>\n<em>&#8211;\u00a0Monsieur Marc LAMENIE, s\u00e9nateur des Ardennes<\/em><br \/>\n<em>&#8211;\u00a0Monsieur Michel LAUGIER, s\u00e9nateur des Yvelines<\/em><br \/>\n<em>&#8211;\u00a0Monsieur Daniel LAURENT, s\u00e9nateur de la Charente-Maritime<\/em><br \/>\n<em>&#8211;\u00a0Monsieur Antoine LEFEVRE, s\u00e9nateur de l&rsquo;Aisne<\/em><br \/>\n<em>&#8211;\u00a0Monsieur Jacques LE NAY, s\u00e9nateur du Morbihan<\/em><br \/>\n<em>&#8211;\u00a0Monsieur Pierre-Antoine LEVI, s\u00e9nateur du Tarn-et-Garonne<\/em><br \/>\n<em>&#8211;\u00a0Madame Anne-Catherine LOISIER, s\u00e9natrice de la C\u00f4te-d&rsquo;Or<\/em><br \/>\n<em>&#8211;\u00a0Madame Viviane MALET, s\u00e9natrice de La R\u00e9union<\/em><br \/>\n<em>&#8211;\u00a0Monsieur Pascal MARTIN, s\u00e9nateur de la Seine-Maritime<\/em><br \/>\n<em>&#8211;\u00a0Monsieur Herv\u00e9 MAUREY, s\u00e9nateur de l&rsquo;Eure<\/em><br \/>\n<em>&#8211;\u00a0Monsieur Franck MENONVILLE, s\u00e9nateur de la Meuse<\/em><br \/>\n<em>&#8211;\u00a0Madame Marie MERCIER, s\u00e9natrice de Sa\u00f4ne-et-Loire, secr\u00e9taire du S\u00e9nat<\/em><br \/>\n<em>&#8211;\u00a0Monsieur S\u00e9bastien MEURANT, s\u00e9nateur du Val-d&rsquo;Oise<\/em><br \/>\n<em>&#8211;\u00a0Monsieur Alain MILON, s\u00e9nateur du Vaucluse<\/em><br \/>\n<em>&#8211;\u00a0Monsieur Jean-Marie MIZZON, s\u00e9nateur de la Moselle<\/em><br \/>\n<em>&#8211;\u00a0Madame Catherine MORIN-DESAILLY, s\u00e9natrice de la Seine-Maritime<\/em><br \/>\n<em>&#8211;\u00a0Madame Laurence MULLER-BRON, s\u00e9natrice du Bas-Rhin<\/em><br \/>\n<em>&#8211;\u00a0Monsieur Louis-Jean de NICOLAY, s\u00e9nateur de la Sarthe<\/em><br \/>\n<em>&#8211;\u00a0Monsieur St\u00e9phane PIEDNOIR, s\u00e9nateur du Maine-et-Loire<\/em><br \/>\n<em>&#8211;\u00a0Madame Kristina PLUCHET, s\u00e9natrice de l&rsquo;Eure<\/em><br \/>\n<em>&#8211;\u00a0Monsieur R\u00e9my POINTEREAU, s\u00e9nateur du Cher<\/em><br \/>\n<em>&#8211;\u00a0Monsieur Jean-Fran\u00e7ois RAPIN, s\u00e9nateur du Pas-de-Calais, pr\u00e9sident de la commission des Affaires europ\u00e9ennes<\/em><br \/>\n<em>&#8211;\u00a0Madame Marie-Pierre RICHER, s\u00e9natrice du Cher<\/em><br \/>\n<em>&#8211;\u00a0Monsieur Bruno ROJOUAN, s\u00e9nateur de l&rsquo;Allier<\/em><br \/>\n<em>&#8211;\u00a0Monsieur Jean-Yves ROUX, s\u00e9nateur des Alpes-de-Haute-Provence<\/em><br \/>\n<em>&#8211;\u00a0Monsieur Hugues SAURY, s\u00e9nateur du Loiret<\/em><br \/>\n<em>&#8211;\u00a0Monsieur Michel SAVIN, s\u00e9nateur de l&rsquo;Is\u00e8re<\/em><br \/>\n<em>&#8211;\u00a0Madame Elsa SCHALCK, s\u00e9natrice du Bas-Rhin<\/em><br \/>\n<em>&#8211;\u00a0Monsieur Vincent SEGOUIN, s\u00e9nateur de l&rsquo;Orne<\/em><br \/>\n<em>&#8211;\u00a0Madame Nadia SOLLOGOUB, s\u00e9natrice de la Ni\u00e8vre<\/em><br \/>\n<em>&#8211;\u00a0Monsieur Laurent SOMON, s\u00e9nateur de la Somme<\/em><br \/>\n<em>&#8211;\u00a0Madame Anne VENTALON, s\u00e9natrice de l&rsquo;Ard\u00e8che<\/em><br \/>\n<em>&#8211;\u00a0Madame Dominique VERIEN, s\u00e9natrice de l&rsquo;Yonne<\/em><br \/>\n<em>&#8211;\u00a0Monsieur Jean-Pierre VOGEL, s\u00e9nateur de la Sarthe<\/em><\/p>\n<\/div>\n\n<div class=\"twitter-share\"><a href=\"https:\/\/twitter.com\/intent\/tweet?via=alainhoupert\" class=\"twitter-share-button\">Tweet<\/a><\/div>\n","protected":false},"excerpt":{"rendered":"<p>82 s\u00e9nateurs interpellent les pouvoirs publics et l\u2019opinion sur le manque de soutien \u00e0 la fili\u00e8re arboricole cons\u00e9cutivement \u00e0 l\u2019\u00e9pisode de gel. L&rsquo;\u00e9pisode de gel &hellip; <\/p>\n","protected":false},"author":2,"featured_media":1058,"comment_status":"open","ping_status":"open","sticky":false,"template":"","format":"standard","meta":[],"categories":[78,187,9],"tags":[188],"_links":{"self":[{"href":"https:\/\/alain-houpert.fr\/site\/index.php\/wp-json\/wp\/v2\/posts\/1057"}],"collection":[{"href":"https:\/\/alain-houpert.fr\/site\/index.php\/wp-json\/wp\/v2\/posts"}],"about":[{"href":"https:\/\/alain-houpert.fr\/site\/index.php\/wp-json\/wp\/v2\/types\/post"}],"author":[{"embeddable":true,"href":"https:\/\/alain-houpert.fr\/site\/index.php\/wp-json\/wp\/v2\/users\/2"}],"replies":[{"embeddable":true,"href":"https:\/\/alain-houpert.fr\/site\/index.php\/wp-json\/wp\/v2\/comments?post=1057"}],"version-history":[{"count":1,"href":"https:\/\/alain-houpert.fr\/site\/index.php\/wp-json\/wp\/v2\/posts\/1057\/revisions"}],"predecessor-version":[{"id":1059,"href":"https:\/\/alain-houpert.fr\/site\/index.php\/wp-json\/wp\/v2\/posts\/1057\/revisions\/1059"}],"wp:featuredmedia":[{"embeddable":true,"href":"https:\/\/alain-houpert.fr\/site\/index.php\/wp-json\/wp\/v2\/media\/1058"}],"wp:attachment":[{"href":"https:\/\/alain-houpert.fr\/site\/index.php\/wp-json\/wp\/v2\/media?parent=1057"}],"wp:term":[{"taxonomy":"category","embeddable":true,"href":"https:\/\/alain-houpert.fr\/site\/index.php\/wp-json\/wp\/v2\/categories?post=1057"},{"taxonomy":"post_tag","embeddable":true,"href":"https:\/\/alain-houpert.fr\/site\/index.php\/wp-json\/wp\/v2\/tags?post=1057"}],"curies":[{"name":"wp","href":"https:\/\/api.w.org\/{rel}","templated":true}]}}