{"id":103,"date":"2015-12-03T09:30:42","date_gmt":"2015-12-03T08:30:42","guid":{"rendered":"http:\/\/alain-houpert.fr\/site\/?p=103"},"modified":"2016-03-07T16:28:15","modified_gmt":"2016-03-07T15:28:15","slug":"question-a-propos-de-la-creation-dune-agence-europeenne-du-renseignement","status":"publish","type":"post","link":"https:\/\/alain-houpert.fr\/site\/index.php\/2015\/12\/03\/question-a-propos-de-la-creation-dune-agence-europeenne-du-renseignement\/","title":{"rendered":"Question \u00e0 propos de la cr\u00e9ation d&rsquo;une agence europ\u00e9enne du renseignement"},"content":{"rendered":"<div class=\"text_exposed_show\">\n<table style=\"border-color: #000000;\">\n<tbody>\n<tr>\n<td>\n<p style=\"text-align: justify;\"><img loading=\"lazy\" class=\"alignleft wp-image-45 \" src=\"http:\/\/alain-houpert.fr\/site\/wp-content\/uploads\/2016\/03\/logo_questions-300x300.jpg\" alt=\"\" width=\"150\" height=\"150\" \/><strong>Question n\u00b0 19207 adress\u00e9e \u00e0 M. le ministre de l&rsquo;int\u00e9rieur<\/strong><\/p>\n<div class=\"text_exposed_show\">\n<p><strong>\u00c0 publier le&#160;: 10\/12\/2015<\/strong><\/p>\n<p>Texte de la question&#160;:<\/p>\n<\/div>\n<\/td>\n<\/tr>\n<\/tbody>\n<\/table>\n<p style=\"text-align: justify;\"><span style=\"text-decoration: underline;\"><!--more--><\/span><\/p>\n<table style=\"border-color: #000000;\">\n<tbody>\n<tr>\n<td>\n<p style=\"text-align: justify;\">M. Alain Houpert attire l&rsquo;attention de M. le ministre de l&rsquo;int\u00e9rieur sur l&rsquo;interview r\u00e9cente du Premier ministre belge, qui est revenu sur les attentats de Paris et a d\u00e9plor\u00e9 une absence d&rsquo;harmonisation entre les services de renseignements fran\u00e7ais et belge. Le partage d&rsquo;informations entre pays est un sujet difficile et il a regrett\u00e9 une r\u00e9ticence de la France \u00e0 participer \u00e0 la cr\u00e9ation d&rsquo;une agence europ\u00e9enne du renseignement. Aujourd&rsquo;hui, en effet, il n&rsquo;y a pas de renseignement harmonis\u00e9 sur le plan europ\u00e9en. Europol et Interpol sont des agences polici\u00e8res alors que le renseignement vient en amont. La mise en place d&rsquo;une telle agence n\u00e9cessiterait de modifier les trait\u00e9s de l&rsquo;Union et bien que plusieurs pays membres, \u00e0 commencer par l&rsquo;Allemagne, n&rsquo;aient pas cach\u00e9 leur r\u00e9ticence, il est plus que n\u00e9cessaire de combattre ensemble, main dans la main, les foyers du radicalisme. C&rsquo;est pourquoi il lui demande ce qu&rsquo;il compte faire et le remercie de sa r\u00e9ponse.<\/p>\n<\/td>\n<\/tr>\n<\/tbody>\n<\/table>\n<p style=\"text-align: justify;\">\n<\/div>\n\n<div class=\"twitter-share\"><a href=\"https:\/\/twitter.com\/intent\/tweet?via=alainhoupert\" class=\"twitter-share-button\">Tweet<\/a><\/div>\n","protected":false},"excerpt":{"rendered":"<p>Question n\u00b0 19207 adress\u00e9e \u00e0 M. le ministre de l&rsquo;int\u00e9rieur \u00c0 publier le&#160;: 10\/12\/2015 Texte de la question&#160;:<\/p>\n","protected":false},"author":2,"featured_media":0,"comment_status":"open","ping_status":"open","sticky":false,"template":"","format":"standard","meta":[],"categories":[6,7],"tags":[],"_links":{"self":[{"href":"https:\/\/alain-houpert.fr\/site\/index.php\/wp-json\/wp\/v2\/posts\/103"}],"collection":[{"href":"https:\/\/alain-houpert.fr\/site\/index.php\/wp-json\/wp\/v2\/posts"}],"about":[{"href":"https:\/\/alain-houpert.fr\/site\/index.php\/wp-json\/wp\/v2\/types\/post"}],"author":[{"embeddable":true,"href":"https:\/\/alain-houpert.fr\/site\/index.php\/wp-json\/wp\/v2\/users\/2"}],"replies":[{"embeddable":true,"href":"https:\/\/alain-houpert.fr\/site\/index.php\/wp-json\/wp\/v2\/comments?post=103"}],"version-history":[{"count":7,"href":"https:\/\/alain-houpert.fr\/site\/index.php\/wp-json\/wp\/v2\/posts\/103\/revisions"}],"predecessor-version":[{"id":281,"href":"https:\/\/alain-houpert.fr\/site\/index.php\/wp-json\/wp\/v2\/posts\/103\/revisions\/281"}],"wp:attachment":[{"href":"https:\/\/alain-houpert.fr\/site\/index.php\/wp-json\/wp\/v2\/media?parent=103"}],"wp:term":[{"taxonomy":"category","embeddable":true,"href":"https:\/\/alain-houpert.fr\/site\/index.php\/wp-json\/wp\/v2\/categories?post=103"},{"taxonomy":"post_tag","embeddable":true,"href":"https:\/\/alain-houpert.fr\/site\/index.php\/wp-json\/wp\/v2\/tags?post=103"}],"curies":[{"name":"wp","href":"https:\/\/api.w.org\/{rel}","templated":true}]}}