{"id":1002,"date":"2021-03-11T15:20:39","date_gmt":"2021-03-11T14:20:39","guid":{"rendered":"http:\/\/alain-houpert.fr\/site\/?p=1002"},"modified":"2021-03-11T15:20:39","modified_gmt":"2021-03-11T14:20:39","slug":"dotation-biodiversite-il-faudra-attendre-lagenda-rural","status":"publish","type":"post","link":"https:\/\/alain-houpert.fr\/site\/index.php\/2021\/03\/11\/dotation-biodiversite-il-faudra-attendre-lagenda-rural\/","title":{"rendered":"Dotation biodiversit\u00e9&#160;: il faudra attendre l&rsquo;Agenda rural&#160;!"},"content":{"rendered":"<div>\n<figure id=\"attachment_1006\" aria-describedby=\"caption-attachment-1006\" style=\"width: 366px\" class=\"wp-caption alignleft\"><img loading=\"lazy\" class=\" wp-image-1006\" src=\"http:\/\/alain-houpert.fr\/site\/wp-content\/uploads\/2021\/03\/tree-569275_1920-300x200.jpg\" alt=\"\" width=\"366\" height=\"244\" srcset=\"https:\/\/alain-houpert.fr\/site\/wp-content\/uploads\/2021\/03\/tree-569275_1920-300x200.jpg 300w, https:\/\/alain-houpert.fr\/site\/wp-content\/uploads\/2021\/03\/tree-569275_1920-1024x683.jpg 1024w, https:\/\/alain-houpert.fr\/site\/wp-content\/uploads\/2021\/03\/tree-569275_1920-1536x1024.jpg 1536w, https:\/\/alain-houpert.fr\/site\/wp-content\/uploads\/2021\/03\/tree-569275_1920-700x465.jpg 700w, https:\/\/alain-houpert.fr\/site\/wp-content\/uploads\/2021\/03\/tree-569275_1920.jpg 1920w\" sizes=\"(max-width: 366px) 100vw, 366px\" \/><figcaption id=\"caption-attachment-1006\" class=\"wp-caption-text\">For\u00eat. Image par Picography de Pixabay<\/figcaption><\/figure>\n<p><strong>Suite \u00e0 des demandes de nombreux maires du d\u00e9partement s&rsquo;estimant l\u00e9s\u00e9s dans le calcul de la dotation biodiversit\u00e9, j&rsquo;ai interrog\u00e9 la ministre de la coh\u00e9sion des territoires et des relations avec les collectivit\u00e9s territoriales<\/strong><br \/>\n<strong>Voici sa r\u00e9ponse qui laisse sous-entendre qu&rsquo;en effet \u00ab&#160;le compte n&rsquo;y est pas&#160;\u00bb et qu&rsquo;un r\u00e9ajustement pourrait \u00eatre envisag\u00e9 suite \u00e0 la parution du prochain agenda rural.<\/strong><\/p>\n<\/div>\n<div>\n<p><span style=\"text-decoration: underline;\">Texte de la question<\/span>&#160;: M. Alain Houpert attire l&rsquo;attention de Mme la secr\u00e9taire d&rsquo;\u00c9tat aupr\u00e8s de la ministre de la transition \u00e9cologique, charg\u00e9e de la biodiversit\u00e9, sur la dotation biodiversit\u00e9 2020 qui r\u00e9v\u00e8le de fortes disparit\u00e9s, suscitant interrogations et inqui\u00e9tude de la part d&rsquo;un certain nombre d&rsquo;\u00e9lus. Cette dotation a \u00e9t\u00e9 pr\u00e9sent\u00e9e aux communes comme une incitation financi\u00e8re de l&rsquo;\u00c9tat \u00e0 adh\u00e9rer \u00e0 la charte du parc national. Or le mode de calcul retenu pour 2020 manque de transparence et engendre localement col\u00e8re et incompr\u00e9hension&#160;: comment expliquer en effet qu&rsquo;une commune ayant 70&#160;% de sa superficie situ\u00e9e en c\u0153ur de parc (618 ha) se voie attribuer une dotation de 1 567 \u20ac alors qu&rsquo;une autre commune voisine, poss\u00e9dant 37&#160;% de sa superficie en c\u0153ur de parc (684 ha) obtient une dotation de 7 121 \u20ac&#160;? Sur les communes de C\u00f4te-d&rsquo;Or b\u00e9n\u00e9ficiaires de la dotation, un tiers consid\u00e8re qu&rsquo;elles ont \u00e9t\u00e9 l\u00e9s\u00e9es par rapport aux estimations initiales. Or le succ\u00e8s du parc national repose sur une pleine et enti\u00e8re adh\u00e9sion des communes en c\u0153ur de parc. C&rsquo;est pourquoi il lui demande de bien vouloir lui communiquer, dans un souci de compl\u00e8te transparence, le d\u00e9tail du calcul du montant de la dotation 2020 pour chacune des communes de C\u00f4te-d&rsquo;Or concern\u00e9es par la dotation. Pour la dotation 2021, il lui demande si elle envisage d&rsquo;inclure dans le calcul un coefficient vert qui prenne davantage en compte, comme crit\u00e8re principal, le pourcentage de surface en c\u0153ur de parc, ce qui permettrait aux communes rurales dot\u00e9es de moyens budg\u00e9taires n\u00e9cessairement limit\u00e9s mais pourvues d&rsquo;une surface importante en c\u0153ur de parc sous contrainte environnementale, d&rsquo;entreprendre de r\u00e9elles actions en faveur de la biodiversit\u00e9, qui est l&rsquo;objet m\u00eame de la dotation. Il la remercie de sa r\u00e9ponse.R\u00e9ponse de Mme la ministre de la coh\u00e9sion des territoires et des relations avec les collectivit\u00e9s territorialesVoici la r\u00e9ponse de la Ministre&#160;: \u00ab&#160;La dotation de soutien aux communes pour la protection de la biodiversit\u00e9 a \u00e9t\u00e9 cr\u00e9\u00e9e en 2019, sous la forme d&rsquo;un concours sp\u00e9cifique aux communes dont une part importante du territoire est class\u00e9e en site Natura 2000, et r\u00e9form\u00e9e en 2020 pour pouvoir b\u00e9n\u00e9ficier \u00e9galement \u00e0 des communes dont une part du territoire est comprise dans un c\u0153ur de parc national ou d&rsquo;un parc naturel marin. Dot\u00e9e de 10 M\u20ac, elle participe du mouvement de \u00ab&#160;verdissement&#160;\u00bb des concours de l&rsquo;\u00c9tat aux collectivit\u00e9s locales. Elle a vocation \u00e0 accompagner financi\u00e8rement les communes dont une part du territoire est class\u00e9e dans une zone visant \u00e0 la protection de la biodiversit\u00e9 et qui sont, \u00e0 ce titre, soumises \u00e0 un certain nombre de charges.<\/p>\n<figure id=\"attachment_861\" aria-describedby=\"caption-attachment-861\" style=\"width: 300px\" class=\"wp-caption alignright\"><img loading=\"lazy\" class=\"size-medium wp-image-861\" src=\"http:\/\/alain-houpert.fr\/site\/wp-content\/uploads\/2020\/11\/Capture-decran-2020-11-27-a-11.03.36-300x172.png\" alt=\"Logo du Parc National de For\u00eats (cr\u00e9dit : Parc Nationaux)\" width=\"300\" height=\"172\" srcset=\"https:\/\/alain-houpert.fr\/site\/wp-content\/uploads\/2020\/11\/Capture-decran-2020-11-27-a-11.03.36-300x172.png 300w, https:\/\/alain-houpert.fr\/site\/wp-content\/uploads\/2020\/11\/Capture-decran-2020-11-27-a-11.03.36.png 902w\" sizes=\"(max-width: 300px) 100vw, 300px\" \/><figcaption id=\"caption-attachment-861\" class=\"wp-caption-text\">Logo du Parc National de For\u00eats (cr\u00e9dit&#160;: Parc Nationaux)<\/figcaption><\/figure>\n<\/div>\n<div>S&rsquo;agissant de la fraction \u00ab&#160;parcs nationaux&#160;\u00bb, la r\u00e9partition de cette dotation <span style=\"text-decoration: underline;\">fait intervenir la proportion du territoire situ\u00e9 en c\u0153ur de parc ainsi que la population<\/span>. Ces crit\u00e8res, retenus tant par l&rsquo;Assembl\u00e9e nationale que le S\u00e9nat lors de l&rsquo;examen du projet de loi de finances pour 2020, ont \u00e9t\u00e9 choisis en coh\u00e9rence avec les modalit\u00e9s de r\u00e9partition d\u00e9j\u00e0 existantes pour la fraction \u00ab&#160;Natura 2000&#160;\u00bb et r\u00e9pondent au constat que la dotation a bien, in fine, vocation \u00e0 b\u00e9n\u00e9ficier aux habitants des communes concern\u00e9es. <span style=\"text-decoration: underline;\">Le Gouvernement a \u00e9galement souhait\u00e9 tenir compte de mani\u00e8re particuli\u00e8re des communes situ\u00e9es sur le territoire du nouveau parc national partag\u00e9 entre la C\u00f4te-d&rsquo;Or et la Haute-Marne. Ainsi, les communes de ce parc \u00e9ligibles \u00e0 la dotation percevront une dotation tripl\u00e9e pendant sept ans<\/span>. En outre, l&rsquo;article 12 du d\u00e9cret n\u00b0\u00a02020-606 du 19\u00a0mai\u00a02020 relatif aux dotations de l&rsquo;\u00c9tat aux collectivit\u00e9s territoriales et \u00e0 la p\u00e9r\u00e9quation des ressources fiscales a sp\u00e9cifiquement pr\u00e9vu des dates d&rsquo;appr\u00e9ciation des donn\u00e9es utiles \u00e0 la r\u00e9partition permettant \u00e0 ces communes de b\u00e9n\u00e9ficier de la dotation d\u00e8s 2020 alors que, avec les dates de droit commun, elles auraient d\u00fb attendre 2021 pour percevoir des attributions. <span style=\"text-decoration: underline;\">Comme annonc\u00e9 lors des d\u00e9bats sur le projet de loi de finances pour 2021, le Gouvernement a d\u00e9clar\u00e9 \u00eatre ouvert \u00e0 une \u00e9volution des modalit\u00e9s de calcul de la dotation et \u00e0 un renforcement de ses moyens. Celle-ci sera \u00e9clair\u00e9e par le rapport interminist\u00e9riel relatif aux am\u00e9nit\u00e9s rurales, r\u00e9dig\u00e9 dans le cadre de \u00ab&#160;l&rsquo;Agenda rural&#160;\u00bb<\/span>.<\/div>\n<div><\/div>\n<div>Je ne manquerai pas d&rsquo;\u00eatre attentif et de faire valoir les droits de nos communes rurales de C\u00f4te-d&rsquo;Or, qui se trouvent l\u00e9s\u00e9es par un dispositif dont les ambitions \u00e9taient pourtant vertueuses.<\/div>\n\n<div class=\"twitter-share\"><a href=\"https:\/\/twitter.com\/intent\/tweet?via=alainhoupert\" class=\"twitter-share-button\">Tweet<\/a><\/div>\n","protected":false},"excerpt":{"rendered":"<p>Je ne manquerai pas d&rsquo;\u00eatre attentif et de faire valoir les droits de nos communes rurales de C\u00f4te-d&rsquo;Or, qui se trouvent l\u00e9s\u00e9es par un dispositif dont les ambitions \u00e9taient pourtant vertueuses.<\/p>\n","protected":false},"author":2,"featured_media":1006,"comment_status":"open","ping_status":"open","sticky":false,"template":"","format":"standard","meta":[],"categories":[78],"tags":[37,127,125,176,123],"_links":{"self":[{"href":"https:\/\/alain-houpert.fr\/site\/index.php\/wp-json\/wp\/v2\/posts\/1002"}],"collection":[{"href":"https:\/\/alain-houpert.fr\/site\/index.php\/wp-json\/wp\/v2\/posts"}],"about":[{"href":"https:\/\/alain-houpert.fr\/site\/index.php\/wp-json\/wp\/v2\/types\/post"}],"author":[{"embeddable":true,"href":"https:\/\/alain-houpert.fr\/site\/index.php\/wp-json\/wp\/v2\/users\/2"}],"replies":[{"embeddable":true,"href":"https:\/\/alain-houpert.fr\/site\/index.php\/wp-json\/wp\/v2\/comments?post=1002"}],"version-history":[{"count":5,"href":"https:\/\/alain-houpert.fr\/site\/index.php\/wp-json\/wp\/v2\/posts\/1002\/revisions"}],"predecessor-version":[{"id":1008,"href":"https:\/\/alain-houpert.fr\/site\/index.php\/wp-json\/wp\/v2\/posts\/1002\/revisions\/1008"}],"wp:featuredmedia":[{"embeddable":true,"href":"https:\/\/alain-houpert.fr\/site\/index.php\/wp-json\/wp\/v2\/media\/1006"}],"wp:attachment":[{"href":"https:\/\/alain-houpert.fr\/site\/index.php\/wp-json\/wp\/v2\/media?parent=1002"}],"wp:term":[{"taxonomy":"category","embeddable":true,"href":"https:\/\/alain-houpert.fr\/site\/index.php\/wp-json\/wp\/v2\/categories?post=1002"},{"taxonomy":"post_tag","embeddable":true,"href":"https:\/\/alain-houpert.fr\/site\/index.php\/wp-json\/wp\/v2\/tags?post=1002"}],"curies":[{"name":"wp","href":"https:\/\/api.w.org\/{rel}","templated":true}]}}